{"id":13526,"date":"2019-05-10T09:32:54","date_gmt":"2019-05-10T07:32:54","guid":{"rendered":"https:\/\/www.mt71.fr\/v2\/?p=13526"},"modified":"2019-05-10T14:50:39","modified_gmt":"2019-05-10T12:50:39","slug":"attention-changement-dadresse","status":"publish","type":"post","link":"https:\/\/www.mt71.fr\/v2\/attention-changement-dadresse\/","title":{"rendered":"Attention, changement d&rsquo;adresse !"},"content":{"rendered":"\n<p>A partir du 13 mai, les \u00e9quipes m\u00e9dicales, techniques et administratives de MT71 du chalonnais d\u00e9m\u00e9nagent.<\/p>\n<p>En effet, le si\u00e8ge social de l&rsquo;association et les centres m\u00e9dicaux situ\u00e9s Rue Denfert \u00e0 Chalon\/Sa\u00f4ne, Zone Industrielle de Crissey et Zone Commerciale Sud \u00e0 St Marcel fermeront d\u00e9finitivement leurs portes le 17 mai au soir.<\/p>\n<p>Tous ces sites d\u00e9m\u00e9nagent dans de nouveaux locaux situ\u00e9s \u00e0 \u00ab\u00a0SAONEOR\u00a0\u00bb. La nouvelle adresse de MT71 devient :<\/p>\n<p style=\"text-align: center;\"><strong>MT71 <\/strong><\/p>\n<p style=\"text-align: center;\"><strong><span style=\"font-size: inherit;\">15 Rue Gabriel Lippmann<\/span><\/strong><\/p>\n<p style=\"text-align: center;\"><strong>CS 30161<\/strong><\/p>\n<p style=\"text-align: center;\"><strong>71 104 Chalon\/Sa\u00f4ne Cedex<\/strong><\/p>\n<p>Les num\u00e9ros de t\u00e9l\u00e9phone et les adresses \u00e9lectroniques demeurent inchang\u00e9s.<\/p>\n<p>Attention : des perturbations sur le r\u00e9seau t\u00e9l\u00e9phonique sont \u00e0 pr\u00e9voir les vendredi 17 mai et lundi 20 mai. Avec toutes nos excuses pour ces d\u00e9sagr\u00e9ments.<\/p>\n\n\n\n<figure class=\"wp-block-image\"><img fetchpriority=\"high\" decoding=\"async\" width=\"1024\" height=\"768\" src=\"https:\/\/www.mt71.fr\/v2\/wp-content\/uploads\/2019\/03\/IMG_20190325_152634_resized_20190325_052634772-1024x768.jpg\" alt=\"\" class=\"wp-image-12966\" srcset=\"https:\/\/www.mt71.fr\/v2\/wp-content\/uploads\/2019\/03\/IMG_20190325_152634_resized_20190325_052634772-1024x768.jpg 1024w, https:\/\/www.mt71.fr\/v2\/wp-content\/uploads\/2019\/03\/IMG_20190325_152634_resized_20190325_052634772-600x450.jpg 600w, https:\/\/www.mt71.fr\/v2\/wp-content\/uploads\/2019\/03\/IMG_20190325_152634_resized_20190325_052634772-300x225.jpg 300w, https:\/\/www.mt71.fr\/v2\/wp-content\/uploads\/2019\/03\/IMG_20190325_152634_resized_20190325_052634772-768x576.jpg 768w, https:\/\/www.mt71.fr\/v2\/wp-content\/uploads\/2019\/03\/IMG_20190325_152634_resized_20190325_052634772-520x390.jpg 520w, https:\/\/www.mt71.fr\/v2\/wp-content\/uploads\/2019\/03\/IMG_20190325_152634_resized_20190325_052634772-740x555.jpg 740w\" sizes=\"(max-width: 1024px) 100vw, 1024px\" \/><\/figure>\n","protected":false},"excerpt":{"rendered":"<p>A partir du 13 mai, les \u00e9quipes m\u00e9dicales, techniques et administratives de MT71 du chalonnais d\u00e9m\u00e9nagent. En effet, le si\u00e8ge social de l&rsquo;association et les centres m\u00e9dicaux situ\u00e9s Rue Denfert \u00e0 Chalon\/Sa\u00f4ne, Zone Industrielle de Crissey et Zone Commerciale Sud \u00e0 St Marcel fermeront d\u00e9finitivement leurs portes le 17 mai au soir. Tous ces sites&hellip;<\/p>\n","protected":false},"author":1,"featured_media":13527,"comment_status":"closed","ping_status":"open","sticky":false,"template":"","format":"standard","meta":{"jetpack_post_was_ever_published":false,"footnotes":""},"categories":[3],"tags":[],"class_list":["post-13526","post","type-post","status-publish","format-standard","has-post-thumbnail","hentry","category-vie-du-service","category-3","description-off"],"yoast_head":"<!-- This site is optimized with the Yoast SEO plugin v27.5 - https:\/\/yoast.com\/product\/yoast-seo-wordpress\/ -->\n<title>Attention, changement d&#039;adresse ! - MT71 - Pr\u00e9vention &amp; Sant\u00e9 au Travail<\/title>\n<meta name=\"robots\" content=\"index, follow, max-snippet:-1, max-image-preview:large, max-video-preview:-1\" \/>\n<link rel=\"canonical\" href=\"https:\/\/www.mt71.fr\/v2\/attention-changement-dadresse\/\" \/>\n<meta property=\"og:locale\" content=\"fr_FR\" \/>\n<meta property=\"og:type\" content=\"article\" \/>\n<meta property=\"og:title\" content=\"Attention, changement d&#039;adresse ! - MT71 - Pr\u00e9vention &amp; Sant\u00e9 au Travail\" \/>\n<meta property=\"og:url\" content=\"https:\/\/www.mt71.fr\/v2\/attention-changement-dadresse\/\" \/>\n<meta property=\"og:site_name\" content=\"MT71 - Pr\u00e9vention &amp; Sant\u00e9 au Travail\" \/>\n<meta property=\"article:published_time\" content=\"2019-05-10T07:32:54+00:00\" \/>\n<meta property=\"article:modified_time\" content=\"2019-05-10T12:50:39+00:00\" \/>\n<meta property=\"og:image\" content=\"https:\/\/www.mt71.fr\/v2\/wp-content\/uploads\/2019\/05\/demenager-cartons.jpg\" \/>\n\t<meta property=\"og:image:width\" content=\"500\" \/>\n\t<meta property=\"og:image:height\" content=\"500\" \/>\n\t<meta property=\"og:image:type\" content=\"image\/jpeg\" \/>\n<meta name=\"author\" content=\"webmestre\" \/>\n<meta name=\"twitter:card\" content=\"summary_large_image\" \/>\n<meta name=\"twitter:label1\" content=\"\u00c9crit par\" \/>\n\t<meta name=\"twitter:data1\" content=\"webmestre\" \/>\n\t<meta name=\"twitter:label2\" content=\"Dur\u00e9e de lecture estim\u00e9e\" \/>\n\t<meta name=\"twitter:data2\" content=\"1 minute\" \/>\n<script type=\"application\/ld+json\" class=\"yoast-schema-graph\">{\"@context\":\"https:\\\/\\\/schema.org\",\"@graph\":[{\"@type\":\"Article\",\"@id\":\"https:\\\/\\\/www.mt71.fr\\\/v2\\\/attention-changement-dadresse\\\/#article\",\"isPartOf\":{\"@id\":\"https:\\\/\\\/www.mt71.fr\\\/v2\\\/attention-changement-dadresse\\\/\"},\"author\":{\"name\":\"webmestre\",\"@id\":\"https:\\\/\\\/www.mt71.fr\\\/v2\\\/#\\\/schema\\\/person\\\/d760396489f27343e4e6a658cf9b8341\"},\"headline\":\"Attention, changement d&rsquo;adresse !\",\"datePublished\":\"2019-05-10T07:32:54+00:00\",\"dateModified\":\"2019-05-10T12:50:39+00:00\",\"mainEntityOfPage\":{\"@id\":\"https:\\\/\\\/www.mt71.fr\\\/v2\\\/attention-changement-dadresse\\\/\"},\"wordCount\":132,\"publisher\":{\"@id\":\"https:\\\/\\\/www.mt71.fr\\\/v2\\\/#organization\"},\"image\":{\"@id\":\"https:\\\/\\\/www.mt71.fr\\\/v2\\\/attention-changement-dadresse\\\/#primaryimage\"},\"thumbnailUrl\":\"https:\\\/\\\/www.mt71.fr\\\/v2\\\/wp-content\\\/uploads\\\/2019\\\/05\\\/demenager-cartons.jpg\",\"articleSection\":[\"Vie du service\"],\"inLanguage\":\"fr-FR\"},{\"@type\":\"WebPage\",\"@id\":\"https:\\\/\\\/www.mt71.fr\\\/v2\\\/attention-changement-dadresse\\\/\",\"url\":\"https:\\\/\\\/www.mt71.fr\\\/v2\\\/attention-changement-dadresse\\\/\",\"name\":\"Attention, changement d'adresse ! - MT71 - Pr\u00e9vention &amp; Sant\u00e9 au Travail\",\"isPartOf\":{\"@id\":\"https:\\\/\\\/www.mt71.fr\\\/v2\\\/#website\"},\"primaryImageOfPage\":{\"@id\":\"https:\\\/\\\/www.mt71.fr\\\/v2\\\/attention-changement-dadresse\\\/#primaryimage\"},\"image\":{\"@id\":\"https:\\\/\\\/www.mt71.fr\\\/v2\\\/attention-changement-dadresse\\\/#primaryimage\"},\"thumbnailUrl\":\"https:\\\/\\\/www.mt71.fr\\\/v2\\\/wp-content\\\/uploads\\\/2019\\\/05\\\/demenager-cartons.jpg\",\"datePublished\":\"2019-05-10T07:32:54+00:00\",\"dateModified\":\"2019-05-10T12:50:39+00:00\",\"breadcrumb\":{\"@id\":\"https:\\\/\\\/www.mt71.fr\\\/v2\\\/attention-changement-dadresse\\\/#breadcrumb\"},\"inLanguage\":\"fr-FR\",\"potentialAction\":[{\"@type\":\"ReadAction\",\"target\":[\"https:\\\/\\\/www.mt71.fr\\\/v2\\\/attention-changement-dadresse\\\/\"]}]},{\"@type\":\"ImageObject\",\"inLanguage\":\"fr-FR\",\"@id\":\"https:\\\/\\\/www.mt71.fr\\\/v2\\\/attention-changement-dadresse\\\/#primaryimage\",\"url\":\"https:\\\/\\\/www.mt71.fr\\\/v2\\\/wp-content\\\/uploads\\\/2019\\\/05\\\/demenager-cartons.jpg\",\"contentUrl\":\"https:\\\/\\\/www.mt71.fr\\\/v2\\\/wp-content\\\/uploads\\\/2019\\\/05\\\/demenager-cartons.jpg\",\"width\":500,\"height\":500,\"caption\":\"3d hand truck on white background\"},{\"@type\":\"BreadcrumbList\",\"@id\":\"https:\\\/\\\/www.mt71.fr\\\/v2\\\/attention-changement-dadresse\\\/#breadcrumb\",\"itemListElement\":[{\"@type\":\"ListItem\",\"position\":1,\"name\":\"Accueil\",\"item\":\"https:\\\/\\\/www.mt71.fr\\\/v2\\\/\"},{\"@type\":\"ListItem\",\"position\":2,\"name\":\"Attention, changement d&#8217;adresse !\"}]},{\"@type\":\"WebSite\",\"@id\":\"https:\\\/\\\/www.mt71.fr\\\/v2\\\/#website\",\"url\":\"https:\\\/\\\/www.mt71.fr\\\/v2\\\/\",\"name\":\"MT71 Service de Pr\u00e9vention et de Sant\u00e9 au Travail Interentreprises\",\"description\":\"Service de Pr\u00e9vention et de Sant\u00e9 au Travail Interentreprises en Sa\u00f4ne-et-Loire\",\"publisher\":{\"@id\":\"https:\\\/\\\/www.mt71.fr\\\/v2\\\/#organization\"},\"alternateName\":\"MT71\",\"potentialAction\":[{\"@type\":\"SearchAction\",\"target\":{\"@type\":\"EntryPoint\",\"urlTemplate\":\"https:\\\/\\\/www.mt71.fr\\\/v2\\\/?s={search_term_string}\"},\"query-input\":{\"@type\":\"PropertyValueSpecification\",\"valueRequired\":true,\"valueName\":\"search_term_string\"}}],\"inLanguage\":\"fr-FR\"},{\"@type\":\"Organization\",\"@id\":\"https:\\\/\\\/www.mt71.fr\\\/v2\\\/#organization\",\"name\":\"MT71\",\"url\":\"https:\\\/\\\/www.mt71.fr\\\/v2\\\/\",\"logo\":{\"@type\":\"ImageObject\",\"inLanguage\":\"fr-FR\",\"@id\":\"https:\\\/\\\/www.mt71.fr\\\/v2\\\/#\\\/schema\\\/logo\\\/image\\\/\",\"url\":\"https:\\\/\\\/www.mt71.fr\\\/v2\\\/wp-content\\\/uploads\\\/2024\\\/11\\\/Logo-MT71-site-internet.png\",\"contentUrl\":\"https:\\\/\\\/www.mt71.fr\\\/v2\\\/wp-content\\\/uploads\\\/2024\\\/11\\\/Logo-MT71-site-internet.png\",\"width\":200,\"height\":150,\"caption\":\"MT71\"},\"image\":{\"@id\":\"https:\\\/\\\/www.mt71.fr\\\/v2\\\/#\\\/schema\\\/logo\\\/image\\\/\"},\"sameAs\":[\"https:\\\/\\\/fr.linkedin.com\\\/company\\\/mt71\",\"https:\\\/\\\/www.youtube.com\\\/channel\\\/UCuqkcoz1dgttolhwMEnC6tg\"]},{\"@type\":\"Person\",\"@id\":\"https:\\\/\\\/www.mt71.fr\\\/v2\\\/#\\\/schema\\\/person\\\/d760396489f27343e4e6a658cf9b8341\",\"name\":\"webmestre\",\"image\":{\"@type\":\"ImageObject\",\"inLanguage\":\"fr-FR\",\"@id\":\"https:\\\/\\\/secure.gravatar.com\\\/avatar\\\/c3e26968366ee52d9a302b8ca0af392bf2386d0e6b064c5643ac7e4629bfa51e?s=96&d=mm&r=g\",\"url\":\"https:\\\/\\\/secure.gravatar.com\\\/avatar\\\/c3e26968366ee52d9a302b8ca0af392bf2386d0e6b064c5643ac7e4629bfa51e?s=96&d=mm&r=g\",\"contentUrl\":\"https:\\\/\\\/secure.gravatar.com\\\/avatar\\\/c3e26968366ee52d9a302b8ca0af392bf2386d0e6b064c5643ac7e4629bfa51e?s=96&d=mm&r=g\",\"caption\":\"webmestre\"}}]}<\/script>\n<!-- \/ Yoast SEO plugin. -->","yoast_head_json":{"title":"Attention, changement d'adresse ! - MT71 - Pr\u00e9vention &amp; Sant\u00e9 au Travail","robots":{"index":"index","follow":"follow","max-snippet":"max-snippet:-1","max-image-preview":"max-image-preview:large","max-video-preview":"max-video-preview:-1"},"canonical":"https:\/\/www.mt71.fr\/v2\/attention-changement-dadresse\/","og_locale":"fr_FR","og_type":"article","og_title":"Attention, changement d'adresse ! - MT71 - Pr\u00e9vention &amp; Sant\u00e9 au Travail","og_url":"https:\/\/www.mt71.fr\/v2\/attention-changement-dadresse\/","og_site_name":"MT71 - Pr\u00e9vention &amp; Sant\u00e9 au Travail","article_published_time":"2019-05-10T07:32:54+00:00","article_modified_time":"2019-05-10T12:50:39+00:00","og_image":[{"width":500,"height":500,"url":"https:\/\/www.mt71.fr\/v2\/wp-content\/uploads\/2019\/05\/demenager-cartons.jpg","type":"image\/jpeg"}],"author":"webmestre","twitter_card":"summary_large_image","twitter_misc":{"\u00c9crit par":"webmestre","Dur\u00e9e de lecture estim\u00e9e":"1 minute"},"schema":{"@context":"https:\/\/schema.org","@graph":[{"@type":"Article","@id":"https:\/\/www.mt71.fr\/v2\/attention-changement-dadresse\/#article","isPartOf":{"@id":"https:\/\/www.mt71.fr\/v2\/attention-changement-dadresse\/"},"author":{"name":"webmestre","@id":"https:\/\/www.mt71.fr\/v2\/#\/schema\/person\/d760396489f27343e4e6a658cf9b8341"},"headline":"Attention, changement d&rsquo;adresse !","datePublished":"2019-05-10T07:32:54+00:00","dateModified":"2019-05-10T12:50:39+00:00","mainEntityOfPage":{"@id":"https:\/\/www.mt71.fr\/v2\/attention-changement-dadresse\/"},"wordCount":132,"publisher":{"@id":"https:\/\/www.mt71.fr\/v2\/#organization"},"image":{"@id":"https:\/\/www.mt71.fr\/v2\/attention-changement-dadresse\/#primaryimage"},"thumbnailUrl":"https:\/\/www.mt71.fr\/v2\/wp-content\/uploads\/2019\/05\/demenager-cartons.jpg","articleSection":["Vie du service"],"inLanguage":"fr-FR"},{"@type":"WebPage","@id":"https:\/\/www.mt71.fr\/v2\/attention-changement-dadresse\/","url":"https:\/\/www.mt71.fr\/v2\/attention-changement-dadresse\/","name":"Attention, changement d'adresse ! - MT71 - Pr\u00e9vention &amp; Sant\u00e9 au Travail","isPartOf":{"@id":"https:\/\/www.mt71.fr\/v2\/#website"},"primaryImageOfPage":{"@id":"https:\/\/www.mt71.fr\/v2\/attention-changement-dadresse\/#primaryimage"},"image":{"@id":"https:\/\/www.mt71.fr\/v2\/attention-changement-dadresse\/#primaryimage"},"thumbnailUrl":"https:\/\/www.mt71.fr\/v2\/wp-content\/uploads\/2019\/05\/demenager-cartons.jpg","datePublished":"2019-05-10T07:32:54+00:00","dateModified":"2019-05-10T12:50:39+00:00","breadcrumb":{"@id":"https:\/\/www.mt71.fr\/v2\/attention-changement-dadresse\/#breadcrumb"},"inLanguage":"fr-FR","potentialAction":[{"@type":"ReadAction","target":["https:\/\/www.mt71.fr\/v2\/attention-changement-dadresse\/"]}]},{"@type":"ImageObject","inLanguage":"fr-FR","@id":"https:\/\/www.mt71.fr\/v2\/attention-changement-dadresse\/#primaryimage","url":"https:\/\/www.mt71.fr\/v2\/wp-content\/uploads\/2019\/05\/demenager-cartons.jpg","contentUrl":"https:\/\/www.mt71.fr\/v2\/wp-content\/uploads\/2019\/05\/demenager-cartons.jpg","width":500,"height":500,"caption":"3d hand truck on white background"},{"@type":"BreadcrumbList","@id":"https:\/\/www.mt71.fr\/v2\/attention-changement-dadresse\/#breadcrumb","itemListElement":[{"@type":"ListItem","position":1,"name":"Accueil","item":"https:\/\/www.mt71.fr\/v2\/"},{"@type":"ListItem","position":2,"name":"Attention, changement d&#8217;adresse !"}]},{"@type":"WebSite","@id":"https:\/\/www.mt71.fr\/v2\/#website","url":"https:\/\/www.mt71.fr\/v2\/","name":"MT71 Service de Pr\u00e9vention et de Sant\u00e9 au Travail Interentreprises","description":"Service de Pr\u00e9vention et de Sant\u00e9 au Travail Interentreprises en Sa\u00f4ne-et-Loire","publisher":{"@id":"https:\/\/www.mt71.fr\/v2\/#organization"},"alternateName":"MT71","potentialAction":[{"@type":"SearchAction","target":{"@type":"EntryPoint","urlTemplate":"https:\/\/www.mt71.fr\/v2\/?s={search_term_string}"},"query-input":{"@type":"PropertyValueSpecification","valueRequired":true,"valueName":"search_term_string"}}],"inLanguage":"fr-FR"},{"@type":"Organization","@id":"https:\/\/www.mt71.fr\/v2\/#organization","name":"MT71","url":"https:\/\/www.mt71.fr\/v2\/","logo":{"@type":"ImageObject","inLanguage":"fr-FR","@id":"https:\/\/www.mt71.fr\/v2\/#\/schema\/logo\/image\/","url":"https:\/\/www.mt71.fr\/v2\/wp-content\/uploads\/2024\/11\/Logo-MT71-site-internet.png","contentUrl":"https:\/\/www.mt71.fr\/v2\/wp-content\/uploads\/2024\/11\/Logo-MT71-site-internet.png","width":200,"height":150,"caption":"MT71"},"image":{"@id":"https:\/\/www.mt71.fr\/v2\/#\/schema\/logo\/image\/"},"sameAs":["https:\/\/fr.linkedin.com\/company\/mt71","https:\/\/www.youtube.com\/channel\/UCuqkcoz1dgttolhwMEnC6tg"]},{"@type":"Person","@id":"https:\/\/www.mt71.fr\/v2\/#\/schema\/person\/d760396489f27343e4e6a658cf9b8341","name":"webmestre","image":{"@type":"ImageObject","inLanguage":"fr-FR","@id":"https:\/\/secure.gravatar.com\/avatar\/c3e26968366ee52d9a302b8ca0af392bf2386d0e6b064c5643ac7e4629bfa51e?s=96&d=mm&r=g","url":"https:\/\/secure.gravatar.com\/avatar\/c3e26968366ee52d9a302b8ca0af392bf2386d0e6b064c5643ac7e4629bfa51e?s=96&d=mm&r=g","contentUrl":"https:\/\/secure.gravatar.com\/avatar\/c3e26968366ee52d9a302b8ca0af392bf2386d0e6b064c5643ac7e4629bfa51e?s=96&d=mm&r=g","caption":"webmestre"}}]}},"jetpack_featured_media_url":"https:\/\/www.mt71.fr\/v2\/wp-content\/uploads\/2019\/05\/demenager-cartons.jpg","jetpack_sharing_enabled":true,"_links":{"self":[{"href":"https:\/\/www.mt71.fr\/v2\/wp-json\/wp\/v2\/posts\/13526","targetHints":{"allow":["GET"]}}],"collection":[{"href":"https:\/\/www.mt71.fr\/v2\/wp-json\/wp\/v2\/posts"}],"about":[{"href":"https:\/\/www.mt71.fr\/v2\/wp-json\/wp\/v2\/types\/post"}],"author":[{"embeddable":true,"href":"https:\/\/www.mt71.fr\/v2\/wp-json\/wp\/v2\/users\/1"}],"replies":[{"embeddable":true,"href":"https:\/\/www.mt71.fr\/v2\/wp-json\/wp\/v2\/comments?post=13526"}],"version-history":[{"count":0,"href":"https:\/\/www.mt71.fr\/v2\/wp-json\/wp\/v2\/posts\/13526\/revisions"}],"wp:featuredmedia":[{"embeddable":true,"href":"https:\/\/www.mt71.fr\/v2\/wp-json\/wp\/v2\/media\/13527"}],"wp:attachment":[{"href":"https:\/\/www.mt71.fr\/v2\/wp-json\/wp\/v2\/media?parent=13526"}],"wp:term":[{"taxonomy":"category","embeddable":true,"href":"https:\/\/www.mt71.fr\/v2\/wp-json\/wp\/v2\/categories?post=13526"},{"taxonomy":"post_tag","embeddable":true,"href":"https:\/\/www.mt71.fr\/v2\/wp-json\/wp\/v2\/tags?post=13526"}],"curies":[{"name":"wp","href":"https:\/\/api.w.org\/{rel}","templated":true}]}}