{"id":22264,"date":"2019-12-10T16:45:19","date_gmt":"2019-12-10T15:45:19","guid":{"rendered":"https:\/\/www.mt71.fr\/v2\/?p=22264"},"modified":"2019-12-10T16:54:12","modified_gmt":"2019-12-10T15:54:12","slug":"nouveau-systeme-de-cotisation-a-compter-du-1er-janvier-2020","status":"publish","type":"post","link":"https:\/\/www.mt71.fr\/v2\/nouveau-systeme-de-cotisation-a-compter-du-1er-janvier-2020\/","title":{"rendered":"Nouveau syst\u00e8me de cotisation \u00e0 compter du 1er janvier 2020"},"content":{"rendered":"\n<figure class=\"wp-block-image size-large\"><img fetchpriority=\"high\" decoding=\"async\" width=\"600\" height=\"366\" src=\"https:\/\/www.mt71.fr\/v2\/wp-content\/uploads\/2019\/12\/guide.png\" alt=\"\" class=\"wp-image-22267\" srcset=\"https:\/\/www.mt71.fr\/v2\/wp-content\/uploads\/2019\/12\/guide.png 600w, https:\/\/www.mt71.fr\/v2\/wp-content\/uploads\/2019\/12\/guide-300x183.png 300w, https:\/\/www.mt71.fr\/v2\/wp-content\/uploads\/2019\/12\/guide-520x317.png 520w\" sizes=\"(max-width: 600px) 100vw, 600px\" \/><\/figure>\n\n\n\n<p>Un nouveau syst\u00e8me de cotisation a \u00e9t\u00e9 valid\u00e9 lors de notre Assembl\u00e9e G\u00e9n\u00e9rale 2019 pour se conformer \u00e0 la r\u00e8glementation et \u00e0 notre agr\u00e9ment.<\/p>\n<p>A compter du <strong>1er Janvier 2020<\/strong>, c\u2019est le syst\u00e8me de cotisations dit \u00ab per capita \u00bb (cotisation par salari\u00e9 d\u00e9clar\u00e9) qui va prendre le relai sur l\u2019ancien syst\u00e8me dit \u00e0 la \u00ab masse salariale \u00bb.<\/p>\n<p style=\"text-align: center;\">Qu\u2019est ce que cela va changer pour vous concr\u00e8tement ?<\/p>\n<p>Vous devrez valider la <strong><u>liste de vos salari\u00e9s<\/u><\/strong> sur votre Espace adh\u00e9rent accessible via notre site web <a href=\"http:\/\/xs698.mjt.lu\/lnk\/AMEAAFpeEMEAAchjPJgAALAlTK8AAYCrEo0Am8TUAA3bQQBd73xhU6EiJnt5QcGTJ3xPbIra8QANwQs\/1\/HfcXLoIg7QP9IqSswVFfng\/aHR0cHM6Ly93d3cubXQ3MS5mcg\">(www.mt71.fr<\/a>). Une fois votre <strong><u>liste valid\u00e9e<\/u><\/strong>, vous recevrez dans les jours qui suivent votre <strong><u>facture par mail<\/u><\/strong>.<\/p>\n<p>Nous attirons votre attention sur l\u2019importance des d\u00e9clarations d\u2019effectifs qui devront \u00eatre valid\u00e9es en d\u00e9but d\u2019exercice et qui auront pour but, au-del\u00e0 de l\u2019aspect purement financier, de valider et programmer le suivi de vos salari\u00e9s en fonction des risques mentionn\u00e9s.<\/p>\n<p>Nous reviendrons vers vous au cours du mois de janvier afin de vous communiquer un mode op\u00e9ratoire pour vous accompagner et vous aider dans ce nouveau syst\u00e8me de cotisation, mais aussi, pour vous communiquer les tarifs applicables d\u00e9finitifs.<\/p>\n<p>Toute l\u2019\u00e9quipe de la MT71 se tient \u00e0 votre disposition et reste \u00e0 votre \u00e9coute.<\/p>\n","protected":false},"excerpt":{"rendered":"<p>Un nouveau syst\u00e8me de cotisation a \u00e9t\u00e9 valid\u00e9 lors de notre Assembl\u00e9e G\u00e9n\u00e9rale 2019 pour se conformer \u00e0 la r\u00e8glementation et \u00e0 notre agr\u00e9ment. A compter du 1er Janvier 2020, c\u2019est le syst\u00e8me de cotisations dit \u00ab per capita \u00bb (cotisation par salari\u00e9 d\u00e9clar\u00e9) qui va prendre le relai sur l\u2019ancien syst\u00e8me dit \u00e0 la&hellip;<\/p>\n","protected":false},"author":1,"featured_media":22267,"comment_status":"open","ping_status":"open","sticky":false,"template":"","format":"standard","meta":{"jetpack_post_was_ever_published":false,"footnotes":""},"categories":[22],"tags":[],"class_list":["post-22264","post","type-post","status-publish","format-standard","has-post-thumbnail","hentry","category-legislation","category-22","description-off"],"yoast_head":"<!-- This site is optimized with the Yoast SEO plugin v27.5 - https:\/\/yoast.com\/product\/yoast-seo-wordpress\/ -->\n<title>Nouveau syst\u00e8me de cotisation \u00e0 compter du 1er janvier 2020 - MT71 - Pr\u00e9vention &amp; Sant\u00e9 au Travail<\/title>\n<meta name=\"robots\" content=\"index, follow, max-snippet:-1, max-image-preview:large, max-video-preview:-1\" \/>\n<link rel=\"canonical\" href=\"https:\/\/www.mt71.fr\/v2\/nouveau-systeme-de-cotisation-a-compter-du-1er-janvier-2020\/\" \/>\n<meta property=\"og:locale\" content=\"fr_FR\" \/>\n<meta property=\"og:type\" content=\"article\" \/>\n<meta property=\"og:title\" content=\"Nouveau syst\u00e8me de cotisation \u00e0 compter du 1er janvier 2020 - MT71 - Pr\u00e9vention &amp; Sant\u00e9 au Travail\" \/>\n<meta property=\"og:url\" content=\"https:\/\/www.mt71.fr\/v2\/nouveau-systeme-de-cotisation-a-compter-du-1er-janvier-2020\/\" \/>\n<meta property=\"og:site_name\" content=\"MT71 - Pr\u00e9vention &amp; Sant\u00e9 au Travail\" \/>\n<meta property=\"article:published_time\" content=\"2019-12-10T15:45:19+00:00\" \/>\n<meta property=\"article:modified_time\" content=\"2019-12-10T15:54:12+00:00\" \/>\n<meta property=\"og:image\" content=\"https:\/\/www.mt71.fr\/v2\/wp-content\/uploads\/2019\/12\/guide.png\" \/>\n\t<meta property=\"og:image:width\" content=\"600\" \/>\n\t<meta property=\"og:image:height\" content=\"366\" \/>\n\t<meta property=\"og:image:type\" content=\"image\/png\" \/>\n<meta name=\"author\" content=\"webmestre\" \/>\n<meta name=\"twitter:card\" content=\"summary_large_image\" \/>\n<meta name=\"twitter:label1\" content=\"\u00c9crit par\" \/>\n\t<meta name=\"twitter:data1\" content=\"webmestre\" \/>\n\t<meta name=\"twitter:label2\" content=\"Dur\u00e9e de lecture estim\u00e9e\" \/>\n\t<meta name=\"twitter:data2\" content=\"1 minute\" \/>\n<script type=\"application\/ld+json\" class=\"yoast-schema-graph\">{\"@context\":\"https:\\\/\\\/schema.org\",\"@graph\":[{\"@type\":\"Article\",\"@id\":\"https:\\\/\\\/www.mt71.fr\\\/v2\\\/nouveau-systeme-de-cotisation-a-compter-du-1er-janvier-2020\\\/#article\",\"isPartOf\":{\"@id\":\"https:\\\/\\\/www.mt71.fr\\\/v2\\\/nouveau-systeme-de-cotisation-a-compter-du-1er-janvier-2020\\\/\"},\"author\":{\"name\":\"webmestre\",\"@id\":\"https:\\\/\\\/www.mt71.fr\\\/v2\\\/#\\\/schema\\\/person\\\/d760396489f27343e4e6a658cf9b8341\"},\"headline\":\"Nouveau syst\u00e8me de cotisation \u00e0 compter du 1er janvier 2020\",\"datePublished\":\"2019-12-10T15:45:19+00:00\",\"dateModified\":\"2019-12-10T15:54:12+00:00\",\"mainEntityOfPage\":{\"@id\":\"https:\\\/\\\/www.mt71.fr\\\/v2\\\/nouveau-systeme-de-cotisation-a-compter-du-1er-janvier-2020\\\/\"},\"wordCount\":224,\"commentCount\":0,\"publisher\":{\"@id\":\"https:\\\/\\\/www.mt71.fr\\\/v2\\\/#organization\"},\"image\":{\"@id\":\"https:\\\/\\\/www.mt71.fr\\\/v2\\\/nouveau-systeme-de-cotisation-a-compter-du-1er-janvier-2020\\\/#primaryimage\"},\"thumbnailUrl\":\"https:\\\/\\\/www.mt71.fr\\\/v2\\\/wp-content\\\/uploads\\\/2019\\\/12\\\/guide.png\",\"articleSection\":[\"L\u00e9gislation\"],\"inLanguage\":\"fr-FR\",\"potentialAction\":[{\"@type\":\"CommentAction\",\"name\":\"Comment\",\"target\":[\"https:\\\/\\\/www.mt71.fr\\\/v2\\\/nouveau-systeme-de-cotisation-a-compter-du-1er-janvier-2020\\\/#respond\"]}]},{\"@type\":\"WebPage\",\"@id\":\"https:\\\/\\\/www.mt71.fr\\\/v2\\\/nouveau-systeme-de-cotisation-a-compter-du-1er-janvier-2020\\\/\",\"url\":\"https:\\\/\\\/www.mt71.fr\\\/v2\\\/nouveau-systeme-de-cotisation-a-compter-du-1er-janvier-2020\\\/\",\"name\":\"Nouveau syst\u00e8me de cotisation \u00e0 compter du 1er janvier 2020 - MT71 - Pr\u00e9vention &amp; Sant\u00e9 au Travail\",\"isPartOf\":{\"@id\":\"https:\\\/\\\/www.mt71.fr\\\/v2\\\/#website\"},\"primaryImageOfPage\":{\"@id\":\"https:\\\/\\\/www.mt71.fr\\\/v2\\\/nouveau-systeme-de-cotisation-a-compter-du-1er-janvier-2020\\\/#primaryimage\"},\"image\":{\"@id\":\"https:\\\/\\\/www.mt71.fr\\\/v2\\\/nouveau-systeme-de-cotisation-a-compter-du-1er-janvier-2020\\\/#primaryimage\"},\"thumbnailUrl\":\"https:\\\/\\\/www.mt71.fr\\\/v2\\\/wp-content\\\/uploads\\\/2019\\\/12\\\/guide.png\",\"datePublished\":\"2019-12-10T15:45:19+00:00\",\"dateModified\":\"2019-12-10T15:54:12+00:00\",\"breadcrumb\":{\"@id\":\"https:\\\/\\\/www.mt71.fr\\\/v2\\\/nouveau-systeme-de-cotisation-a-compter-du-1er-janvier-2020\\\/#breadcrumb\"},\"inLanguage\":\"fr-FR\",\"potentialAction\":[{\"@type\":\"ReadAction\",\"target\":[\"https:\\\/\\\/www.mt71.fr\\\/v2\\\/nouveau-systeme-de-cotisation-a-compter-du-1er-janvier-2020\\\/\"]}]},{\"@type\":\"ImageObject\",\"inLanguage\":\"fr-FR\",\"@id\":\"https:\\\/\\\/www.mt71.fr\\\/v2\\\/nouveau-systeme-de-cotisation-a-compter-du-1er-janvier-2020\\\/#primaryimage\",\"url\":\"https:\\\/\\\/www.mt71.fr\\\/v2\\\/wp-content\\\/uploads\\\/2019\\\/12\\\/guide.png\",\"contentUrl\":\"https:\\\/\\\/www.mt71.fr\\\/v2\\\/wp-content\\\/uploads\\\/2019\\\/12\\\/guide.png\",\"width\":600,\"height\":366},{\"@type\":\"BreadcrumbList\",\"@id\":\"https:\\\/\\\/www.mt71.fr\\\/v2\\\/nouveau-systeme-de-cotisation-a-compter-du-1er-janvier-2020\\\/#breadcrumb\",\"itemListElement\":[{\"@type\":\"ListItem\",\"position\":1,\"name\":\"Accueil\",\"item\":\"https:\\\/\\\/www.mt71.fr\\\/v2\\\/\"},{\"@type\":\"ListItem\",\"position\":2,\"name\":\"Nouveau syst\u00e8me de cotisation \u00e0 compter du 1er janvier 2020\"}]},{\"@type\":\"WebSite\",\"@id\":\"https:\\\/\\\/www.mt71.fr\\\/v2\\\/#website\",\"url\":\"https:\\\/\\\/www.mt71.fr\\\/v2\\\/\",\"name\":\"MT71 Service de Pr\u00e9vention et de Sant\u00e9 au Travail Interentreprises\",\"description\":\"Service de Pr\u00e9vention et de Sant\u00e9 au Travail Interentreprises en Sa\u00f4ne-et-Loire\",\"publisher\":{\"@id\":\"https:\\\/\\\/www.mt71.fr\\\/v2\\\/#organization\"},\"alternateName\":\"MT71\",\"potentialAction\":[{\"@type\":\"SearchAction\",\"target\":{\"@type\":\"EntryPoint\",\"urlTemplate\":\"https:\\\/\\\/www.mt71.fr\\\/v2\\\/?s={search_term_string}\"},\"query-input\":{\"@type\":\"PropertyValueSpecification\",\"valueRequired\":true,\"valueName\":\"search_term_string\"}}],\"inLanguage\":\"fr-FR\"},{\"@type\":\"Organization\",\"@id\":\"https:\\\/\\\/www.mt71.fr\\\/v2\\\/#organization\",\"name\":\"MT71\",\"url\":\"https:\\\/\\\/www.mt71.fr\\\/v2\\\/\",\"logo\":{\"@type\":\"ImageObject\",\"inLanguage\":\"fr-FR\",\"@id\":\"https:\\\/\\\/www.mt71.fr\\\/v2\\\/#\\\/schema\\\/logo\\\/image\\\/\",\"url\":\"https:\\\/\\\/www.mt71.fr\\\/v2\\\/wp-content\\\/uploads\\\/2024\\\/11\\\/Logo-MT71-site-internet.png\",\"contentUrl\":\"https:\\\/\\\/www.mt71.fr\\\/v2\\\/wp-content\\\/uploads\\\/2024\\\/11\\\/Logo-MT71-site-internet.png\",\"width\":200,\"height\":150,\"caption\":\"MT71\"},\"image\":{\"@id\":\"https:\\\/\\\/www.mt71.fr\\\/v2\\\/#\\\/schema\\\/logo\\\/image\\\/\"},\"sameAs\":[\"https:\\\/\\\/fr.linkedin.com\\\/company\\\/mt71\",\"https:\\\/\\\/www.youtube.com\\\/channel\\\/UCuqkcoz1dgttolhwMEnC6tg\"]},{\"@type\":\"Person\",\"@id\":\"https:\\\/\\\/www.mt71.fr\\\/v2\\\/#\\\/schema\\\/person\\\/d760396489f27343e4e6a658cf9b8341\",\"name\":\"webmestre\",\"image\":{\"@type\":\"ImageObject\",\"inLanguage\":\"fr-FR\",\"@id\":\"https:\\\/\\\/secure.gravatar.com\\\/avatar\\\/c3e26968366ee52d9a302b8ca0af392bf2386d0e6b064c5643ac7e4629bfa51e?s=96&d=mm&r=g\",\"url\":\"https:\\\/\\\/secure.gravatar.com\\\/avatar\\\/c3e26968366ee52d9a302b8ca0af392bf2386d0e6b064c5643ac7e4629bfa51e?s=96&d=mm&r=g\",\"contentUrl\":\"https:\\\/\\\/secure.gravatar.com\\\/avatar\\\/c3e26968366ee52d9a302b8ca0af392bf2386d0e6b064c5643ac7e4629bfa51e?s=96&d=mm&r=g\",\"caption\":\"webmestre\"}}]}<\/script>\n<!-- \/ Yoast SEO plugin. -->","yoast_head_json":{"title":"Nouveau syst\u00e8me de cotisation \u00e0 compter du 1er janvier 2020 - MT71 - Pr\u00e9vention &amp; Sant\u00e9 au Travail","robots":{"index":"index","follow":"follow","max-snippet":"max-snippet:-1","max-image-preview":"max-image-preview:large","max-video-preview":"max-video-preview:-1"},"canonical":"https:\/\/www.mt71.fr\/v2\/nouveau-systeme-de-cotisation-a-compter-du-1er-janvier-2020\/","og_locale":"fr_FR","og_type":"article","og_title":"Nouveau syst\u00e8me de cotisation \u00e0 compter du 1er janvier 2020 - MT71 - Pr\u00e9vention &amp; Sant\u00e9 au Travail","og_url":"https:\/\/www.mt71.fr\/v2\/nouveau-systeme-de-cotisation-a-compter-du-1er-janvier-2020\/","og_site_name":"MT71 - Pr\u00e9vention &amp; Sant\u00e9 au Travail","article_published_time":"2019-12-10T15:45:19+00:00","article_modified_time":"2019-12-10T15:54:12+00:00","og_image":[{"width":600,"height":366,"url":"https:\/\/www.mt71.fr\/v2\/wp-content\/uploads\/2019\/12\/guide.png","type":"image\/png"}],"author":"webmestre","twitter_card":"summary_large_image","twitter_misc":{"\u00c9crit par":"webmestre","Dur\u00e9e de lecture estim\u00e9e":"1 minute"},"schema":{"@context":"https:\/\/schema.org","@graph":[{"@type":"Article","@id":"https:\/\/www.mt71.fr\/v2\/nouveau-systeme-de-cotisation-a-compter-du-1er-janvier-2020\/#article","isPartOf":{"@id":"https:\/\/www.mt71.fr\/v2\/nouveau-systeme-de-cotisation-a-compter-du-1er-janvier-2020\/"},"author":{"name":"webmestre","@id":"https:\/\/www.mt71.fr\/v2\/#\/schema\/person\/d760396489f27343e4e6a658cf9b8341"},"headline":"Nouveau syst\u00e8me de cotisation \u00e0 compter du 1er janvier 2020","datePublished":"2019-12-10T15:45:19+00:00","dateModified":"2019-12-10T15:54:12+00:00","mainEntityOfPage":{"@id":"https:\/\/www.mt71.fr\/v2\/nouveau-systeme-de-cotisation-a-compter-du-1er-janvier-2020\/"},"wordCount":224,"commentCount":0,"publisher":{"@id":"https:\/\/www.mt71.fr\/v2\/#organization"},"image":{"@id":"https:\/\/www.mt71.fr\/v2\/nouveau-systeme-de-cotisation-a-compter-du-1er-janvier-2020\/#primaryimage"},"thumbnailUrl":"https:\/\/www.mt71.fr\/v2\/wp-content\/uploads\/2019\/12\/guide.png","articleSection":["L\u00e9gislation"],"inLanguage":"fr-FR","potentialAction":[{"@type":"CommentAction","name":"Comment","target":["https:\/\/www.mt71.fr\/v2\/nouveau-systeme-de-cotisation-a-compter-du-1er-janvier-2020\/#respond"]}]},{"@type":"WebPage","@id":"https:\/\/www.mt71.fr\/v2\/nouveau-systeme-de-cotisation-a-compter-du-1er-janvier-2020\/","url":"https:\/\/www.mt71.fr\/v2\/nouveau-systeme-de-cotisation-a-compter-du-1er-janvier-2020\/","name":"Nouveau syst\u00e8me de cotisation \u00e0 compter du 1er janvier 2020 - MT71 - Pr\u00e9vention &amp; Sant\u00e9 au Travail","isPartOf":{"@id":"https:\/\/www.mt71.fr\/v2\/#website"},"primaryImageOfPage":{"@id":"https:\/\/www.mt71.fr\/v2\/nouveau-systeme-de-cotisation-a-compter-du-1er-janvier-2020\/#primaryimage"},"image":{"@id":"https:\/\/www.mt71.fr\/v2\/nouveau-systeme-de-cotisation-a-compter-du-1er-janvier-2020\/#primaryimage"},"thumbnailUrl":"https:\/\/www.mt71.fr\/v2\/wp-content\/uploads\/2019\/12\/guide.png","datePublished":"2019-12-10T15:45:19+00:00","dateModified":"2019-12-10T15:54:12+00:00","breadcrumb":{"@id":"https:\/\/www.mt71.fr\/v2\/nouveau-systeme-de-cotisation-a-compter-du-1er-janvier-2020\/#breadcrumb"},"inLanguage":"fr-FR","potentialAction":[{"@type":"ReadAction","target":["https:\/\/www.mt71.fr\/v2\/nouveau-systeme-de-cotisation-a-compter-du-1er-janvier-2020\/"]}]},{"@type":"ImageObject","inLanguage":"fr-FR","@id":"https:\/\/www.mt71.fr\/v2\/nouveau-systeme-de-cotisation-a-compter-du-1er-janvier-2020\/#primaryimage","url":"https:\/\/www.mt71.fr\/v2\/wp-content\/uploads\/2019\/12\/guide.png","contentUrl":"https:\/\/www.mt71.fr\/v2\/wp-content\/uploads\/2019\/12\/guide.png","width":600,"height":366},{"@type":"BreadcrumbList","@id":"https:\/\/www.mt71.fr\/v2\/nouveau-systeme-de-cotisation-a-compter-du-1er-janvier-2020\/#breadcrumb","itemListElement":[{"@type":"ListItem","position":1,"name":"Accueil","item":"https:\/\/www.mt71.fr\/v2\/"},{"@type":"ListItem","position":2,"name":"Nouveau syst\u00e8me de cotisation \u00e0 compter du 1er janvier 2020"}]},{"@type":"WebSite","@id":"https:\/\/www.mt71.fr\/v2\/#website","url":"https:\/\/www.mt71.fr\/v2\/","name":"MT71 Service de Pr\u00e9vention et de Sant\u00e9 au Travail Interentreprises","description":"Service de Pr\u00e9vention et de Sant\u00e9 au Travail Interentreprises en Sa\u00f4ne-et-Loire","publisher":{"@id":"https:\/\/www.mt71.fr\/v2\/#organization"},"alternateName":"MT71","potentialAction":[{"@type":"SearchAction","target":{"@type":"EntryPoint","urlTemplate":"https:\/\/www.mt71.fr\/v2\/?s={search_term_string}"},"query-input":{"@type":"PropertyValueSpecification","valueRequired":true,"valueName":"search_term_string"}}],"inLanguage":"fr-FR"},{"@type":"Organization","@id":"https:\/\/www.mt71.fr\/v2\/#organization","name":"MT71","url":"https:\/\/www.mt71.fr\/v2\/","logo":{"@type":"ImageObject","inLanguage":"fr-FR","@id":"https:\/\/www.mt71.fr\/v2\/#\/schema\/logo\/image\/","url":"https:\/\/www.mt71.fr\/v2\/wp-content\/uploads\/2024\/11\/Logo-MT71-site-internet.png","contentUrl":"https:\/\/www.mt71.fr\/v2\/wp-content\/uploads\/2024\/11\/Logo-MT71-site-internet.png","width":200,"height":150,"caption":"MT71"},"image":{"@id":"https:\/\/www.mt71.fr\/v2\/#\/schema\/logo\/image\/"},"sameAs":["https:\/\/fr.linkedin.com\/company\/mt71","https:\/\/www.youtube.com\/channel\/UCuqkcoz1dgttolhwMEnC6tg"]},{"@type":"Person","@id":"https:\/\/www.mt71.fr\/v2\/#\/schema\/person\/d760396489f27343e4e6a658cf9b8341","name":"webmestre","image":{"@type":"ImageObject","inLanguage":"fr-FR","@id":"https:\/\/secure.gravatar.com\/avatar\/c3e26968366ee52d9a302b8ca0af392bf2386d0e6b064c5643ac7e4629bfa51e?s=96&d=mm&r=g","url":"https:\/\/secure.gravatar.com\/avatar\/c3e26968366ee52d9a302b8ca0af392bf2386d0e6b064c5643ac7e4629bfa51e?s=96&d=mm&r=g","contentUrl":"https:\/\/secure.gravatar.com\/avatar\/c3e26968366ee52d9a302b8ca0af392bf2386d0e6b064c5643ac7e4629bfa51e?s=96&d=mm&r=g","caption":"webmestre"}}]}},"jetpack_featured_media_url":"https:\/\/www.mt71.fr\/v2\/wp-content\/uploads\/2019\/12\/guide.png","jetpack_sharing_enabled":true,"_links":{"self":[{"href":"https:\/\/www.mt71.fr\/v2\/wp-json\/wp\/v2\/posts\/22264","targetHints":{"allow":["GET"]}}],"collection":[{"href":"https:\/\/www.mt71.fr\/v2\/wp-json\/wp\/v2\/posts"}],"about":[{"href":"https:\/\/www.mt71.fr\/v2\/wp-json\/wp\/v2\/types\/post"}],"author":[{"embeddable":true,"href":"https:\/\/www.mt71.fr\/v2\/wp-json\/wp\/v2\/users\/1"}],"replies":[{"embeddable":true,"href":"https:\/\/www.mt71.fr\/v2\/wp-json\/wp\/v2\/comments?post=22264"}],"version-history":[{"count":0,"href":"https:\/\/www.mt71.fr\/v2\/wp-json\/wp\/v2\/posts\/22264\/revisions"}],"wp:featuredmedia":[{"embeddable":true,"href":"https:\/\/www.mt71.fr\/v2\/wp-json\/wp\/v2\/media\/22267"}],"wp:attachment":[{"href":"https:\/\/www.mt71.fr\/v2\/wp-json\/wp\/v2\/media?parent=22264"}],"wp:term":[{"taxonomy":"category","embeddable":true,"href":"https:\/\/www.mt71.fr\/v2\/wp-json\/wp\/v2\/categories?post=22264"},{"taxonomy":"post_tag","embeddable":true,"href":"https:\/\/www.mt71.fr\/v2\/wp-json\/wp\/v2\/tags?post=22264"}],"curies":[{"name":"wp","href":"https:\/\/api.w.org\/{rel}","templated":true}]}}