{"id":29651,"date":"2020-09-18T12:17:07","date_gmt":"2020-09-18T10:17:07","guid":{"rendered":"https:\/\/www.mt71.fr\/v2\/?p=29651"},"modified":"2020-09-21T10:28:06","modified_gmt":"2020-09-21T08:28:06","slug":"infographie-du-ministere-de-la-sante-en-cas-de-suspicion-ou-de-cas-avere-de-covid19","status":"publish","type":"post","link":"https:\/\/www.mt71.fr\/v2\/infographie-du-ministere-de-la-sante-en-cas-de-suspicion-ou-de-cas-avere-de-covid19\/","title":{"rendered":"Infographie du Minist\u00e8re de la Sant\u00e9 en cas de suspicion ou de cas av\u00e9r\u00e9 de Covid19"},"content":{"rendered":"\n<p>Le Minist\u00e8re de la Sant\u00e9 a lanc\u00e9 une s\u00e9rie d&rsquo;infographie \u00e0 diffuser sans mod\u00e9ration :<\/p>\n<blockquote>\n<p>&gt;&gt; <a href=\"https:\/\/www.mt71.fr\/v2\/wp-content\/uploads\/2020\/09\/infog_gp_-_contact_a_risque.pdf\">Je suis contact \u00e0 risque, que dois-je faire ?<\/a><\/p>\n<p>&gt;&gt; <a href=\"https:\/\/www.mt71.fr\/v2\/wp-content\/uploads\/2020\/09\/isolement_test_-_que_faire_infographie_decisionnelle.pdf\">Isolement, test : que faire ?<\/a><\/p>\n<p>&gt;&gt; <a href=\"https:\/\/www.mt71.fr\/v2\/wp-content\/uploads\/2020\/09\/j_ai_des_signes_de_la_maladie_du_covid19.pdf\">J\u2019ai les signes de la maladie du COVID-19<\/a><\/p>\n<p>&gt;&gt; <a href=\"https:\/\/www.mt71.fr\/v2\/wp-content\/uploads\/2020\/09\/j_ai_des_symptomes_que_dois-je_faire_-_infographie.pdf\">J&rsquo;ai des sympt\u00f4mes, que dois-je faire ?<\/a><\/p>\n<p>&gt;&gt; <a href=\"https:\/\/www.mt71.fr\/v2\/wp-content\/uploads\/2020\/09\/j_ai_ete_en_contact_a_risque_avec_une_personne_malade_du_covid19.pdf\">J\u2019ai \u00e9t\u00e9 en contact \u00e0 risque avec une personne malade du COVID-19<\/a><\/p>\n<p>&gt;&gt; <a href=\"https:\/\/www.mt71.fr\/v2\/wp-content\/uploads\/2020\/09\/j_ai_ete_teste_positif_mais_je_n_ai_pas_de_symptomes_que_dois-je_faire_-_infographie.pdf\">J&rsquo;ai \u00e9t\u00e9 test\u00e9 positif mais je n&rsquo;ai pas de sympt\u00f4mes, que dois-je faire ?<\/a><\/p>\n<p>&gt;&gt; <a href=\"https:\/\/www.mt71.fr\/v2\/wp-content\/uploads\/2020\/09\/je_limite_la_transmission_du_virus_en_adoptant_la_bonne_conduite_a_tenir.pdf\">Je limite la transmission du virus en adoptant la bonne conduite \u00e0 tenir<\/a><\/p>\n<\/blockquote>\n<p>\u00a0<\/p>\n\n\n\n\n\n\n","protected":false},"excerpt":{"rendered":"<p>Le Minist\u00e8re de la Sant\u00e9 a lanc\u00e9 une s\u00e9rie d&rsquo;infographie \u00e0 diffuser sans mod\u00e9ration : &gt;&gt; Je suis contact \u00e0 risque, que dois-je faire ? &gt;&gt; Isolement, test : que faire ? &gt;&gt; J\u2019ai les signes de la maladie du COVID-19 &gt;&gt; J&rsquo;ai des sympt\u00f4mes, que dois-je faire ? &gt;&gt; J\u2019ai \u00e9t\u00e9 en contact \u00e0&hellip;<\/p>\n","protected":false},"author":1,"featured_media":27889,"comment_status":"closed","ping_status":"open","sticky":false,"template":"","format":"standard","meta":{"jetpack_post_was_ever_published":false,"footnotes":""},"categories":[208],"tags":[],"class_list":["post-29651","post","type-post","status-publish","format-standard","has-post-thumbnail","hentry","category-covid-19","category-208","description-off"],"yoast_head":"<!-- This site is optimized with the Yoast SEO plugin v27.5 - https:\/\/yoast.com\/product\/yoast-seo-wordpress\/ -->\n<title>Infographie du Minist\u00e8re de la Sant\u00e9 en cas de suspicion ou de cas av\u00e9r\u00e9 de Covid19 - MT71 - Pr\u00e9vention &amp; Sant\u00e9 au Travail<\/title>\n<meta name=\"robots\" content=\"index, follow, max-snippet:-1, max-image-preview:large, max-video-preview:-1\" \/>\n<link rel=\"canonical\" href=\"https:\/\/www.mt71.fr\/v2\/infographie-du-ministere-de-la-sante-en-cas-de-suspicion-ou-de-cas-avere-de-covid19\/\" \/>\n<meta property=\"og:locale\" content=\"fr_FR\" \/>\n<meta property=\"og:type\" content=\"article\" \/>\n<meta property=\"og:title\" content=\"Infographie du Minist\u00e8re de la Sant\u00e9 en cas de suspicion ou de cas av\u00e9r\u00e9 de Covid19 - MT71 - Pr\u00e9vention &amp; Sant\u00e9 au Travail\" \/>\n<meta property=\"og:url\" content=\"https:\/\/www.mt71.fr\/v2\/infographie-du-ministere-de-la-sante-en-cas-de-suspicion-ou-de-cas-avere-de-covid19\/\" \/>\n<meta property=\"og:site_name\" content=\"MT71 - Pr\u00e9vention &amp; Sant\u00e9 au Travail\" \/>\n<meta property=\"article:published_time\" content=\"2020-09-18T10:17:07+00:00\" \/>\n<meta property=\"article:modified_time\" content=\"2020-09-21T08:28:06+00:00\" \/>\n<meta property=\"og:image\" content=\"https:\/\/www.mt71.fr\/v2\/wp-content\/uploads\/2020\/04\/AdobeStock_331517124.jpg\" \/>\n\t<meta property=\"og:image:width\" content=\"698\" \/>\n\t<meta property=\"og:image:height\" content=\"294\" \/>\n\t<meta property=\"og:image:type\" content=\"image\/jpeg\" \/>\n<meta name=\"author\" content=\"webmestre\" \/>\n<meta name=\"twitter:card\" content=\"summary_large_image\" \/>\n<meta name=\"twitter:label1\" content=\"\u00c9crit par\" \/>\n\t<meta name=\"twitter:data1\" content=\"webmestre\" \/>\n<script type=\"application\/ld+json\" class=\"yoast-schema-graph\">{\"@context\":\"https:\\\/\\\/schema.org\",\"@graph\":[{\"@type\":\"Article\",\"@id\":\"https:\\\/\\\/www.mt71.fr\\\/v2\\\/infographie-du-ministere-de-la-sante-en-cas-de-suspicion-ou-de-cas-avere-de-covid19\\\/#article\",\"isPartOf\":{\"@id\":\"https:\\\/\\\/www.mt71.fr\\\/v2\\\/infographie-du-ministere-de-la-sante-en-cas-de-suspicion-ou-de-cas-avere-de-covid19\\\/\"},\"author\":{\"name\":\"webmestre\",\"@id\":\"https:\\\/\\\/www.mt71.fr\\\/v2\\\/#\\\/schema\\\/person\\\/d760396489f27343e4e6a658cf9b8341\"},\"headline\":\"Infographie du Minist\u00e8re de la Sant\u00e9 en cas de suspicion ou de cas av\u00e9r\u00e9 de Covid19\",\"datePublished\":\"2020-09-18T10:17:07+00:00\",\"dateModified\":\"2020-09-21T08:28:06+00:00\",\"mainEntityOfPage\":{\"@id\":\"https:\\\/\\\/www.mt71.fr\\\/v2\\\/infographie-du-ministere-de-la-sante-en-cas-de-suspicion-ou-de-cas-avere-de-covid19\\\/\"},\"wordCount\":117,\"publisher\":{\"@id\":\"https:\\\/\\\/www.mt71.fr\\\/v2\\\/#organization\"},\"image\":{\"@id\":\"https:\\\/\\\/www.mt71.fr\\\/v2\\\/infographie-du-ministere-de-la-sante-en-cas-de-suspicion-ou-de-cas-avere-de-covid19\\\/#primaryimage\"},\"thumbnailUrl\":\"https:\\\/\\\/www.mt71.fr\\\/v2\\\/wp-content\\\/uploads\\\/2020\\\/04\\\/AdobeStock_331517124.jpg\",\"articleSection\":[\"Covid-19\"],\"inLanguage\":\"fr-FR\"},{\"@type\":\"WebPage\",\"@id\":\"https:\\\/\\\/www.mt71.fr\\\/v2\\\/infographie-du-ministere-de-la-sante-en-cas-de-suspicion-ou-de-cas-avere-de-covid19\\\/\",\"url\":\"https:\\\/\\\/www.mt71.fr\\\/v2\\\/infographie-du-ministere-de-la-sante-en-cas-de-suspicion-ou-de-cas-avere-de-covid19\\\/\",\"name\":\"Infographie du Minist\u00e8re de la Sant\u00e9 en cas de suspicion ou de cas av\u00e9r\u00e9 de Covid19 - MT71 - Pr\u00e9vention &amp; Sant\u00e9 au Travail\",\"isPartOf\":{\"@id\":\"https:\\\/\\\/www.mt71.fr\\\/v2\\\/#website\"},\"primaryImageOfPage\":{\"@id\":\"https:\\\/\\\/www.mt71.fr\\\/v2\\\/infographie-du-ministere-de-la-sante-en-cas-de-suspicion-ou-de-cas-avere-de-covid19\\\/#primaryimage\"},\"image\":{\"@id\":\"https:\\\/\\\/www.mt71.fr\\\/v2\\\/infographie-du-ministere-de-la-sante-en-cas-de-suspicion-ou-de-cas-avere-de-covid19\\\/#primaryimage\"},\"thumbnailUrl\":\"https:\\\/\\\/www.mt71.fr\\\/v2\\\/wp-content\\\/uploads\\\/2020\\\/04\\\/AdobeStock_331517124.jpg\",\"datePublished\":\"2020-09-18T10:17:07+00:00\",\"dateModified\":\"2020-09-21T08:28:06+00:00\",\"breadcrumb\":{\"@id\":\"https:\\\/\\\/www.mt71.fr\\\/v2\\\/infographie-du-ministere-de-la-sante-en-cas-de-suspicion-ou-de-cas-avere-de-covid19\\\/#breadcrumb\"},\"inLanguage\":\"fr-FR\",\"potentialAction\":[{\"@type\":\"ReadAction\",\"target\":[\"https:\\\/\\\/www.mt71.fr\\\/v2\\\/infographie-du-ministere-de-la-sante-en-cas-de-suspicion-ou-de-cas-avere-de-covid19\\\/\"]}]},{\"@type\":\"ImageObject\",\"inLanguage\":\"fr-FR\",\"@id\":\"https:\\\/\\\/www.mt71.fr\\\/v2\\\/infographie-du-ministere-de-la-sante-en-cas-de-suspicion-ou-de-cas-avere-de-covid19\\\/#primaryimage\",\"url\":\"https:\\\/\\\/www.mt71.fr\\\/v2\\\/wp-content\\\/uploads\\\/2020\\\/04\\\/AdobeStock_331517124.jpg\",\"contentUrl\":\"https:\\\/\\\/www.mt71.fr\\\/v2\\\/wp-content\\\/uploads\\\/2020\\\/04\\\/AdobeStock_331517124.jpg\",\"width\":\"698\",\"height\":\"294\"},{\"@type\":\"BreadcrumbList\",\"@id\":\"https:\\\/\\\/www.mt71.fr\\\/v2\\\/infographie-du-ministere-de-la-sante-en-cas-de-suspicion-ou-de-cas-avere-de-covid19\\\/#breadcrumb\",\"itemListElement\":[{\"@type\":\"ListItem\",\"position\":1,\"name\":\"Accueil\",\"item\":\"https:\\\/\\\/www.mt71.fr\\\/v2\\\/\"},{\"@type\":\"ListItem\",\"position\":2,\"name\":\"Infographie du Minist\u00e8re de la Sant\u00e9 en cas de suspicion ou de cas av\u00e9r\u00e9 de Covid19\"}]},{\"@type\":\"WebSite\",\"@id\":\"https:\\\/\\\/www.mt71.fr\\\/v2\\\/#website\",\"url\":\"https:\\\/\\\/www.mt71.fr\\\/v2\\\/\",\"name\":\"MT71 Service de Pr\u00e9vention et de Sant\u00e9 au Travail Interentreprises\",\"description\":\"Service de Pr\u00e9vention et de Sant\u00e9 au Travail Interentreprises en Sa\u00f4ne-et-Loire\",\"publisher\":{\"@id\":\"https:\\\/\\\/www.mt71.fr\\\/v2\\\/#organization\"},\"alternateName\":\"MT71\",\"potentialAction\":[{\"@type\":\"SearchAction\",\"target\":{\"@type\":\"EntryPoint\",\"urlTemplate\":\"https:\\\/\\\/www.mt71.fr\\\/v2\\\/?s={search_term_string}\"},\"query-input\":{\"@type\":\"PropertyValueSpecification\",\"valueRequired\":true,\"valueName\":\"search_term_string\"}}],\"inLanguage\":\"fr-FR\"},{\"@type\":\"Organization\",\"@id\":\"https:\\\/\\\/www.mt71.fr\\\/v2\\\/#organization\",\"name\":\"MT71\",\"url\":\"https:\\\/\\\/www.mt71.fr\\\/v2\\\/\",\"logo\":{\"@type\":\"ImageObject\",\"inLanguage\":\"fr-FR\",\"@id\":\"https:\\\/\\\/www.mt71.fr\\\/v2\\\/#\\\/schema\\\/logo\\\/image\\\/\",\"url\":\"https:\\\/\\\/www.mt71.fr\\\/v2\\\/wp-content\\\/uploads\\\/2024\\\/11\\\/Logo-MT71-site-internet.png\",\"contentUrl\":\"https:\\\/\\\/www.mt71.fr\\\/v2\\\/wp-content\\\/uploads\\\/2024\\\/11\\\/Logo-MT71-site-internet.png\",\"width\":200,\"height\":150,\"caption\":\"MT71\"},\"image\":{\"@id\":\"https:\\\/\\\/www.mt71.fr\\\/v2\\\/#\\\/schema\\\/logo\\\/image\\\/\"},\"sameAs\":[\"https:\\\/\\\/fr.linkedin.com\\\/company\\\/mt71\",\"https:\\\/\\\/www.youtube.com\\\/channel\\\/UCuqkcoz1dgttolhwMEnC6tg\"]},{\"@type\":\"Person\",\"@id\":\"https:\\\/\\\/www.mt71.fr\\\/v2\\\/#\\\/schema\\\/person\\\/d760396489f27343e4e6a658cf9b8341\",\"name\":\"webmestre\",\"image\":{\"@type\":\"ImageObject\",\"inLanguage\":\"fr-FR\",\"@id\":\"https:\\\/\\\/secure.gravatar.com\\\/avatar\\\/c3e26968366ee52d9a302b8ca0af392bf2386d0e6b064c5643ac7e4629bfa51e?s=96&d=mm&r=g\",\"url\":\"https:\\\/\\\/secure.gravatar.com\\\/avatar\\\/c3e26968366ee52d9a302b8ca0af392bf2386d0e6b064c5643ac7e4629bfa51e?s=96&d=mm&r=g\",\"contentUrl\":\"https:\\\/\\\/secure.gravatar.com\\\/avatar\\\/c3e26968366ee52d9a302b8ca0af392bf2386d0e6b064c5643ac7e4629bfa51e?s=96&d=mm&r=g\",\"caption\":\"webmestre\"}}]}<\/script>\n<!-- \/ Yoast SEO plugin. -->","yoast_head_json":{"title":"Infographie du Minist\u00e8re de la Sant\u00e9 en cas de suspicion ou de cas av\u00e9r\u00e9 de Covid19 - MT71 - Pr\u00e9vention &amp; Sant\u00e9 au Travail","robots":{"index":"index","follow":"follow","max-snippet":"max-snippet:-1","max-image-preview":"max-image-preview:large","max-video-preview":"max-video-preview:-1"},"canonical":"https:\/\/www.mt71.fr\/v2\/infographie-du-ministere-de-la-sante-en-cas-de-suspicion-ou-de-cas-avere-de-covid19\/","og_locale":"fr_FR","og_type":"article","og_title":"Infographie du Minist\u00e8re de la Sant\u00e9 en cas de suspicion ou de cas av\u00e9r\u00e9 de Covid19 - MT71 - Pr\u00e9vention &amp; Sant\u00e9 au Travail","og_url":"https:\/\/www.mt71.fr\/v2\/infographie-du-ministere-de-la-sante-en-cas-de-suspicion-ou-de-cas-avere-de-covid19\/","og_site_name":"MT71 - Pr\u00e9vention &amp; Sant\u00e9 au Travail","article_published_time":"2020-09-18T10:17:07+00:00","article_modified_time":"2020-09-21T08:28:06+00:00","og_image":[{"width":698,"height":294,"url":"https:\/\/www.mt71.fr\/v2\/wp-content\/uploads\/2020\/04\/AdobeStock_331517124.jpg","type":"image\/jpeg"}],"author":"webmestre","twitter_card":"summary_large_image","twitter_misc":{"\u00c9crit par":"webmestre"},"schema":{"@context":"https:\/\/schema.org","@graph":[{"@type":"Article","@id":"https:\/\/www.mt71.fr\/v2\/infographie-du-ministere-de-la-sante-en-cas-de-suspicion-ou-de-cas-avere-de-covid19\/#article","isPartOf":{"@id":"https:\/\/www.mt71.fr\/v2\/infographie-du-ministere-de-la-sante-en-cas-de-suspicion-ou-de-cas-avere-de-covid19\/"},"author":{"name":"webmestre","@id":"https:\/\/www.mt71.fr\/v2\/#\/schema\/person\/d760396489f27343e4e6a658cf9b8341"},"headline":"Infographie du Minist\u00e8re de la Sant\u00e9 en cas de suspicion ou de cas av\u00e9r\u00e9 de Covid19","datePublished":"2020-09-18T10:17:07+00:00","dateModified":"2020-09-21T08:28:06+00:00","mainEntityOfPage":{"@id":"https:\/\/www.mt71.fr\/v2\/infographie-du-ministere-de-la-sante-en-cas-de-suspicion-ou-de-cas-avere-de-covid19\/"},"wordCount":117,"publisher":{"@id":"https:\/\/www.mt71.fr\/v2\/#organization"},"image":{"@id":"https:\/\/www.mt71.fr\/v2\/infographie-du-ministere-de-la-sante-en-cas-de-suspicion-ou-de-cas-avere-de-covid19\/#primaryimage"},"thumbnailUrl":"https:\/\/www.mt71.fr\/v2\/wp-content\/uploads\/2020\/04\/AdobeStock_331517124.jpg","articleSection":["Covid-19"],"inLanguage":"fr-FR"},{"@type":"WebPage","@id":"https:\/\/www.mt71.fr\/v2\/infographie-du-ministere-de-la-sante-en-cas-de-suspicion-ou-de-cas-avere-de-covid19\/","url":"https:\/\/www.mt71.fr\/v2\/infographie-du-ministere-de-la-sante-en-cas-de-suspicion-ou-de-cas-avere-de-covid19\/","name":"Infographie du Minist\u00e8re de la Sant\u00e9 en cas de suspicion ou de cas av\u00e9r\u00e9 de Covid19 - MT71 - Pr\u00e9vention &amp; Sant\u00e9 au Travail","isPartOf":{"@id":"https:\/\/www.mt71.fr\/v2\/#website"},"primaryImageOfPage":{"@id":"https:\/\/www.mt71.fr\/v2\/infographie-du-ministere-de-la-sante-en-cas-de-suspicion-ou-de-cas-avere-de-covid19\/#primaryimage"},"image":{"@id":"https:\/\/www.mt71.fr\/v2\/infographie-du-ministere-de-la-sante-en-cas-de-suspicion-ou-de-cas-avere-de-covid19\/#primaryimage"},"thumbnailUrl":"https:\/\/www.mt71.fr\/v2\/wp-content\/uploads\/2020\/04\/AdobeStock_331517124.jpg","datePublished":"2020-09-18T10:17:07+00:00","dateModified":"2020-09-21T08:28:06+00:00","breadcrumb":{"@id":"https:\/\/www.mt71.fr\/v2\/infographie-du-ministere-de-la-sante-en-cas-de-suspicion-ou-de-cas-avere-de-covid19\/#breadcrumb"},"inLanguage":"fr-FR","potentialAction":[{"@type":"ReadAction","target":["https:\/\/www.mt71.fr\/v2\/infographie-du-ministere-de-la-sante-en-cas-de-suspicion-ou-de-cas-avere-de-covid19\/"]}]},{"@type":"ImageObject","inLanguage":"fr-FR","@id":"https:\/\/www.mt71.fr\/v2\/infographie-du-ministere-de-la-sante-en-cas-de-suspicion-ou-de-cas-avere-de-covid19\/#primaryimage","url":"https:\/\/www.mt71.fr\/v2\/wp-content\/uploads\/2020\/04\/AdobeStock_331517124.jpg","contentUrl":"https:\/\/www.mt71.fr\/v2\/wp-content\/uploads\/2020\/04\/AdobeStock_331517124.jpg","width":"698","height":"294"},{"@type":"BreadcrumbList","@id":"https:\/\/www.mt71.fr\/v2\/infographie-du-ministere-de-la-sante-en-cas-de-suspicion-ou-de-cas-avere-de-covid19\/#breadcrumb","itemListElement":[{"@type":"ListItem","position":1,"name":"Accueil","item":"https:\/\/www.mt71.fr\/v2\/"},{"@type":"ListItem","position":2,"name":"Infographie du Minist\u00e8re de la Sant\u00e9 en cas de suspicion ou de cas av\u00e9r\u00e9 de Covid19"}]},{"@type":"WebSite","@id":"https:\/\/www.mt71.fr\/v2\/#website","url":"https:\/\/www.mt71.fr\/v2\/","name":"MT71 Service de Pr\u00e9vention et de Sant\u00e9 au Travail Interentreprises","description":"Service de Pr\u00e9vention et de Sant\u00e9 au Travail Interentreprises en Sa\u00f4ne-et-Loire","publisher":{"@id":"https:\/\/www.mt71.fr\/v2\/#organization"},"alternateName":"MT71","potentialAction":[{"@type":"SearchAction","target":{"@type":"EntryPoint","urlTemplate":"https:\/\/www.mt71.fr\/v2\/?s={search_term_string}"},"query-input":{"@type":"PropertyValueSpecification","valueRequired":true,"valueName":"search_term_string"}}],"inLanguage":"fr-FR"},{"@type":"Organization","@id":"https:\/\/www.mt71.fr\/v2\/#organization","name":"MT71","url":"https:\/\/www.mt71.fr\/v2\/","logo":{"@type":"ImageObject","inLanguage":"fr-FR","@id":"https:\/\/www.mt71.fr\/v2\/#\/schema\/logo\/image\/","url":"https:\/\/www.mt71.fr\/v2\/wp-content\/uploads\/2024\/11\/Logo-MT71-site-internet.png","contentUrl":"https:\/\/www.mt71.fr\/v2\/wp-content\/uploads\/2024\/11\/Logo-MT71-site-internet.png","width":200,"height":150,"caption":"MT71"},"image":{"@id":"https:\/\/www.mt71.fr\/v2\/#\/schema\/logo\/image\/"},"sameAs":["https:\/\/fr.linkedin.com\/company\/mt71","https:\/\/www.youtube.com\/channel\/UCuqkcoz1dgttolhwMEnC6tg"]},{"@type":"Person","@id":"https:\/\/www.mt71.fr\/v2\/#\/schema\/person\/d760396489f27343e4e6a658cf9b8341","name":"webmestre","image":{"@type":"ImageObject","inLanguage":"fr-FR","@id":"https:\/\/secure.gravatar.com\/avatar\/c3e26968366ee52d9a302b8ca0af392bf2386d0e6b064c5643ac7e4629bfa51e?s=96&d=mm&r=g","url":"https:\/\/secure.gravatar.com\/avatar\/c3e26968366ee52d9a302b8ca0af392bf2386d0e6b064c5643ac7e4629bfa51e?s=96&d=mm&r=g","contentUrl":"https:\/\/secure.gravatar.com\/avatar\/c3e26968366ee52d9a302b8ca0af392bf2386d0e6b064c5643ac7e4629bfa51e?s=96&d=mm&r=g","caption":"webmestre"}}]}},"jetpack_featured_media_url":"https:\/\/www.mt71.fr\/v2\/wp-content\/uploads\/2020\/04\/AdobeStock_331517124.jpg","jetpack_sharing_enabled":true,"_links":{"self":[{"href":"https:\/\/www.mt71.fr\/v2\/wp-json\/wp\/v2\/posts\/29651","targetHints":{"allow":["GET"]}}],"collection":[{"href":"https:\/\/www.mt71.fr\/v2\/wp-json\/wp\/v2\/posts"}],"about":[{"href":"https:\/\/www.mt71.fr\/v2\/wp-json\/wp\/v2\/types\/post"}],"author":[{"embeddable":true,"href":"https:\/\/www.mt71.fr\/v2\/wp-json\/wp\/v2\/users\/1"}],"replies":[{"embeddable":true,"href":"https:\/\/www.mt71.fr\/v2\/wp-json\/wp\/v2\/comments?post=29651"}],"version-history":[{"count":0,"href":"https:\/\/www.mt71.fr\/v2\/wp-json\/wp\/v2\/posts\/29651\/revisions"}],"wp:featuredmedia":[{"embeddable":true,"href":"https:\/\/www.mt71.fr\/v2\/wp-json\/wp\/v2\/media\/27889"}],"wp:attachment":[{"href":"https:\/\/www.mt71.fr\/v2\/wp-json\/wp\/v2\/media?parent=29651"}],"wp:term":[{"taxonomy":"category","embeddable":true,"href":"https:\/\/www.mt71.fr\/v2\/wp-json\/wp\/v2\/categories?post=29651"},{"taxonomy":"post_tag","embeddable":true,"href":"https:\/\/www.mt71.fr\/v2\/wp-json\/wp\/v2\/tags?post=29651"}],"curies":[{"name":"wp","href":"https:\/\/api.w.org\/{rel}","templated":true}]}}