{"id":47549,"date":"2025-03-05T11:36:23","date_gmt":"2025-03-05T10:36:23","guid":{"rendered":"https:\/\/www.mt71.fr\/v2\/?p=47549"},"modified":"2025-03-06T10:14:13","modified_gmt":"2025-03-06T09:14:13","slug":"webinaire-prevention-des-expositions-professionnelles-aux-gaz-anesthesiants-avec-focus-pour-la-femme-enceinte","status":"publish","type":"post","link":"https:\/\/www.mt71.fr\/v2\/webinaire-prevention-des-expositions-professionnelles-aux-gaz-anesthesiants-avec-focus-pour-la-femme-enceinte\/","title":{"rendered":"Webinaire : Pr\u00e9vention des expositions professionnelles aux gaz anesth\u00e9siants (avec focus pour la femme enceinte)"},"content":{"rendered":"\t\t<div data-elementor-type=\"wp-post\" data-elementor-id=\"47549\" class=\"elementor elementor-47549\">\n\t\t\t\t<div class=\"elementor-element elementor-element-1a6b2c8 e-flex e-con-boxed e-con e-parent\" data-id=\"1a6b2c8\" data-element_type=\"container\" data-e-type=\"container\">\n\t\t\t\t\t<div class=\"e-con-inner\">\n\t\t\t\t<div class=\"elementor-element elementor-element-6511da0 elementor-widget elementor-widget-image\" data-id=\"6511da0\" data-element_type=\"widget\" data-e-type=\"widget\" data-widget_type=\"image.default\">\n\t\t\t\t<div class=\"elementor-widget-container\">\n\t\t\t\t\t\t\t\t\t\t\t\t\t\t\t<img fetchpriority=\"high\" decoding=\"async\" width=\"1024\" height=\"129\" src=\"https:\/\/www.mt71.fr\/v2\/wp-content\/uploads\/2025\/03\/Webinaire-Gaz-anesthesiant.png2_-1024x129.png\" class=\"attachment-large size-large wp-image-47550\" alt=\"\" srcset=\"https:\/\/www.mt71.fr\/v2\/wp-content\/uploads\/2025\/03\/Webinaire-Gaz-anesthesiant.png2_-1024x129.png 1024w, https:\/\/www.mt71.fr\/v2\/wp-content\/uploads\/2025\/03\/Webinaire-Gaz-anesthesiant.png2_-300x38.png 300w, https:\/\/www.mt71.fr\/v2\/wp-content\/uploads\/2025\/03\/Webinaire-Gaz-anesthesiant.png2_-768x97.png 768w, https:\/\/www.mt71.fr\/v2\/wp-content\/uploads\/2025\/03\/Webinaire-Gaz-anesthesiant.png2_-1536x194.png 1536w, https:\/\/www.mt71.fr\/v2\/wp-content\/uploads\/2025\/03\/Webinaire-Gaz-anesthesiant.png2_.png 1584w\" sizes=\"(max-width: 1024px) 100vw, 1024px\" \/>\t\t\t\t\t\t\t\t\t\t\t\t\t\t\t<\/div>\n\t\t\t\t<\/div>\n\t\t\t\t\t<\/div>\n\t\t\t\t<\/div>\n\t\t<div class=\"elementor-element elementor-element-c01a4bc e-flex e-con-boxed e-con e-parent\" data-id=\"c01a4bc\" data-element_type=\"container\" data-e-type=\"container\">\n\t\t\t\t\t<div class=\"e-con-inner\">\n\t\t\t\t<div class=\"elementor-element elementor-element-8c3d541 elementor-widget elementor-widget-spacer\" data-id=\"8c3d541\" data-element_type=\"widget\" data-e-type=\"widget\" data-widget_type=\"spacer.default\">\n\t\t\t\t<div class=\"elementor-widget-container\">\n\t\t\t\t\t\t\t<div class=\"elementor-spacer\">\n\t\t\t<div class=\"elementor-spacer-inner\"><\/div>\n\t\t<\/div>\n\t\t\t\t\t\t<\/div>\n\t\t\t\t<\/div>\n\t\t\t\t<div class=\"elementor-element elementor-element-71a4ab0 elementor-widget elementor-widget-heading\" data-id=\"71a4ab0\" data-element_type=\"widget\" data-e-type=\"widget\" data-widget_type=\"heading.default\">\n\t\t\t\t<div class=\"elementor-widget-container\">\n\t\t\t\t\t<h2 class=\"elementor-heading-title elementor-size-default\">Pr\u00e9vention des risques li\u00e9s aux expositions professionnelles aux gaz anesth\u00e9siants<\/h2>\t\t\t\t<\/div>\n\t\t\t\t<\/div>\n\t\t\t\t<div class=\"elementor-element elementor-element-1a1ea29 elementor-widget elementor-widget-spacer\" data-id=\"1a1ea29\" data-element_type=\"widget\" data-e-type=\"widget\" data-widget_type=\"spacer.default\">\n\t\t\t\t<div class=\"elementor-widget-container\">\n\t\t\t\t\t\t\t<div class=\"elementor-spacer\">\n\t\t\t<div class=\"elementor-spacer-inner\"><\/div>\n\t\t<\/div>\n\t\t\t\t\t\t<\/div>\n\t\t\t\t<\/div>\n\t\t\t\t<div class=\"elementor-element elementor-element-b3465b8 elementor-widget elementor-widget-text-editor\" data-id=\"b3465b8\" data-element_type=\"widget\" data-e-type=\"widget\" data-widget_type=\"text-editor.default\">\n\t\t\t\t<div class=\"elementor-widget-container\">\n\t\t\t\t\t\t\t\t\t<p style=\"text-align: justify;\">Les professionnels de sant\u00e9 travaillant dans les <strong><span style=\"color: #000080;\">blocs op\u00e9ratoires<\/span><\/strong> ou r\u00e9alisant des actes n\u00e9cessitant l\u2019<strong><span style=\"color: #000080;\">utilisation d\u2019agents anesth\u00e9siants par inhalation<\/span><\/strong> sont expos\u00e9s \u00e0 des risques sp\u00e9cifiques li\u00e9s \u00e0 ces gaz. Cette exposition, bien qu\u2019<strong><span style=\"color: #000080;\">invisible<\/span><\/strong> et <strong><span style=\"color: #000080;\">souvent sous-estim\u00e9e<\/span><\/strong>, peut avoir des impacts sur la sant\u00e9 des travailleurs. Dans cet article, nous abordons les principaux risques associ\u00e9s \u00e0 l\u2019exposition \u00e0 ces agents anesth\u00e9siants, en mettant particuli\u00e8rement l\u2019accent sur la <strong><span style=\"color: #000080;\">femme enceinte<\/span><\/strong>, une cible vuln\u00e9rable face \u00e0 ces dangers.<\/p>\t\t\t\t\t\t\t\t<\/div>\n\t\t\t\t<\/div>\n\t\t\t\t<div class=\"elementor-element elementor-element-38061d1 elementor-widget-divider--view-line elementor-widget elementor-widget-divider\" data-id=\"38061d1\" data-element_type=\"widget\" data-e-type=\"widget\" data-widget_type=\"divider.default\">\n\t\t\t\t<div class=\"elementor-widget-container\">\n\t\t\t\t\t\t\t<div class=\"elementor-divider\">\n\t\t\t<span class=\"elementor-divider-separator\">\n\t\t\t\t\t\t<\/span>\n\t\t<\/div>\n\t\t\t\t\t\t<\/div>\n\t\t\t\t<\/div>\n\t\t\t\t<div class=\"elementor-element elementor-element-930cd40 elementor-widget elementor-widget-spacer\" data-id=\"930cd40\" data-element_type=\"widget\" data-e-type=\"widget\" data-widget_type=\"spacer.default\">\n\t\t\t\t<div class=\"elementor-widget-container\">\n\t\t\t\t\t\t\t<div class=\"elementor-spacer\">\n\t\t\t<div class=\"elementor-spacer-inner\"><\/div>\n\t\t<\/div>\n\t\t\t\t\t\t<\/div>\n\t\t\t\t<\/div>\n\t\t\t\t<div class=\"elementor-element elementor-element-db8273b elementor-widget elementor-widget-heading\" data-id=\"db8273b\" data-element_type=\"widget\" data-e-type=\"widget\" data-widget_type=\"heading.default\">\n\t\t\t\t<div class=\"elementor-widget-container\">\n\t\t\t\t\t<h2 class=\"elementor-heading-title elementor-size-default\">Les expositions aux gaz anesth\u00e9siants<\/h2>\t\t\t\t<\/div>\n\t\t\t\t<\/div>\n\t\t\t\t<div class=\"elementor-element elementor-element-7fee069 elementor-widget elementor-widget-spacer\" data-id=\"7fee069\" data-element_type=\"widget\" data-e-type=\"widget\" data-widget_type=\"spacer.default\">\n\t\t\t\t<div class=\"elementor-widget-container\">\n\t\t\t\t\t\t\t<div class=\"elementor-spacer\">\n\t\t\t<div class=\"elementor-spacer-inner\"><\/div>\n\t\t<\/div>\n\t\t\t\t\t\t<\/div>\n\t\t\t\t<\/div>\n\t\t\t\t<div class=\"elementor-element elementor-element-30afc22 elementor-widget elementor-widget-text-editor\" data-id=\"30afc22\" data-element_type=\"widget\" data-e-type=\"widget\" data-widget_type=\"text-editor.default\">\n\t\t\t\t<div class=\"elementor-widget-container\">\n\t\t\t\t\t\t\t\t\t<p style=\"text-align: justify;\" data-start=\"922\" data-end=\"1165\">Les gaz anesth\u00e9siants sont utilis\u00e9s pour assurer l\u2019anesth\u00e9sie lors des interventions chirurgicales et certains actes m\u00e9dicaux. Cependant, le personnel m\u00e9dical peut \u00eatre expos\u00e9, \u00e0 des degr\u00e9s variables, \u00e0 ces gaz.<\/p><p style=\"text-align: justify;\" data-start=\"922\" data-end=\"1165\"><strong><span style=\"text-decoration: underline;\">Ces gaz comprennent notamment :<\/span><\/strong><\/p><ul><li style=\"list-style-type: none;\"><ul><li style=\"list-style-type: none;\"><ul style=\"text-align: justify; list-style-type: square;\" data-start=\"1167\" data-end=\"1456\"><li data-start=\"1167\" data-end=\"1242\"><span style=\"color: #000080;\"><strong data-start=\"1169\" data-end=\"1184\">S\u00e9voflurane<\/strong><\/span> : Gaz anesth\u00e9siant couramment utilis\u00e9 en bloc op\u00e9ratoire<\/li><li data-start=\"1243\" data-end=\"1348\"><span style=\"color: #000080;\"><strong data-start=\"1245\" data-end=\"1254\">MEOPA<\/strong><\/span> : Gaz m\u00e9dicinal utilis\u00e9 dans certains actes de soins, notamment dans le cadre de la s\u00e9dation<\/li><li data-start=\"1349\" data-end=\"1456\"><span style=\"color: #000080;\"><strong data-start=\"1351\" data-end=\"1365\">Isoflurane<\/strong><\/span> : Gaz utilis\u00e9 principalement dans le domaine v\u00e9t\u00e9rinaire<\/li><\/ul><\/li><\/ul><\/li><\/ul><p style=\"text-align: justify;\" data-start=\"1458\" data-end=\"1684\">Lorsque ces gaz sont administr\u00e9s, il existe un risque d\u2019exposition pour le personnel, en particulier lors de l\u2019induction, de l\u2019entretien ou de la r\u00e9cup\u00e9ration de l\u2019anesth\u00e9sie, ainsi que lors de la manipulation des \u00e9quipements.<\/p>\t\t\t\t\t\t\t\t<\/div>\n\t\t\t\t<\/div>\n\t\t\t\t<div class=\"elementor-element elementor-element-2b8c415 elementor-widget-divider--view-line elementor-widget elementor-widget-divider\" data-id=\"2b8c415\" data-element_type=\"widget\" data-e-type=\"widget\" data-widget_type=\"divider.default\">\n\t\t\t\t<div class=\"elementor-widget-container\">\n\t\t\t\t\t\t\t<div class=\"elementor-divider\">\n\t\t\t<span class=\"elementor-divider-separator\">\n\t\t\t\t\t\t<\/span>\n\t\t<\/div>\n\t\t\t\t\t\t<\/div>\n\t\t\t\t<\/div>\n\t\t\t\t<div class=\"elementor-element elementor-element-5aae9e7 elementor-widget elementor-widget-spacer\" data-id=\"5aae9e7\" data-element_type=\"widget\" data-e-type=\"widget\" data-widget_type=\"spacer.default\">\n\t\t\t\t<div class=\"elementor-widget-container\">\n\t\t\t\t\t\t\t<div class=\"elementor-spacer\">\n\t\t\t<div class=\"elementor-spacer-inner\"><\/div>\n\t\t<\/div>\n\t\t\t\t\t\t<\/div>\n\t\t\t\t<\/div>\n\t\t\t\t<div class=\"elementor-element elementor-element-09c03b7 elementor-widget elementor-widget-heading\" data-id=\"09c03b7\" data-element_type=\"widget\" data-e-type=\"widget\" data-widget_type=\"heading.default\">\n\t\t\t\t<div class=\"elementor-widget-container\">\n\t\t\t\t\t<h2 class=\"elementor-heading-title elementor-size-default\">Quels sont les risques pour la sant\u00e9 des professionnels expos\u00e9s ?<\/h2>\t\t\t\t<\/div>\n\t\t\t\t<\/div>\n\t\t\t\t<div class=\"elementor-element elementor-element-97c93ef elementor-widget elementor-widget-spacer\" data-id=\"97c93ef\" data-element_type=\"widget\" data-e-type=\"widget\" data-widget_type=\"spacer.default\">\n\t\t\t\t<div class=\"elementor-widget-container\">\n\t\t\t\t\t\t\t<div class=\"elementor-spacer\">\n\t\t\t<div class=\"elementor-spacer-inner\"><\/div>\n\t\t<\/div>\n\t\t\t\t\t\t<\/div>\n\t\t\t\t<\/div>\n\t\t\t\t<div class=\"elementor-element elementor-element-45577cf elementor-widget elementor-widget-text-editor\" data-id=\"45577cf\" data-element_type=\"widget\" data-e-type=\"widget\" data-widget_type=\"text-editor.default\">\n\t\t\t\t<div class=\"elementor-widget-container\">\n\t\t\t\t\t\t\t\t\t<p style=\"text-align: justify;\" data-start=\"1761\" data-end=\"1936\">Les effets de l\u2019exposition aux gaz anesth\u00e9siants sur la sant\u00e9 des professionnels sont vari\u00e9s et d\u00e9pendent de la dur\u00e9e et de l\u2019intensit\u00e9 de l\u2019exposition.<\/p><p style=\"text-align: justify;\" data-start=\"1761\" data-end=\"1936\"><span style=\"text-decoration: underline;\"><strong>Ces risques incluent :<\/strong><\/span><\/p><ul><li style=\"list-style-type: none;\"><ul><li style=\"list-style-type: none;\"><ul style=\"list-style-type: square;\" data-start=\"1938\" data-end=\"2290\"><li style=\"text-align: justify;\" data-start=\"1938\" data-end=\"2049\"><span style=\"color: #000080;\"><strong data-start=\"1940\" data-end=\"1981\">Effets sur le syst\u00e8me nerveux central<\/strong><\/span> : Somnolence, vertiges, troubles de la concentration, maux de t\u00eate, &#8230;<\/li><li style=\"text-align: justify;\" data-start=\"2050\" data-end=\"2146\"><span style=\"color: #000080;\"><strong data-start=\"2052\" data-end=\"2076\">Effets respiratoires<\/strong><\/span> : Irritation des voies respiratoires, toux, difficult\u00e9 \u00e0 respirer, &#8230;<\/li><li style=\"text-align: justify;\" data-start=\"2147\" data-end=\"2290\"><span style=\"color: #000080;\"><strong data-start=\"2149\" data-end=\"2187\">Effets sur le syst\u00e8me reproducteur<\/strong><\/span> : Des \u00e9tudes ont sugg\u00e9r\u00e9 des risques de troubles de la fertilit\u00e9<\/li><\/ul><\/li><\/ul><\/li><\/ul>\t\t\t\t\t\t\t\t<\/div>\n\t\t\t\t<\/div>\n\t\t\t\t<div class=\"elementor-element elementor-element-495844b elementor-widget-divider--view-line elementor-widget elementor-widget-divider\" data-id=\"495844b\" data-element_type=\"widget\" data-e-type=\"widget\" data-widget_type=\"divider.default\">\n\t\t\t\t<div class=\"elementor-widget-container\">\n\t\t\t\t\t\t\t<div class=\"elementor-divider\">\n\t\t\t<span class=\"elementor-divider-separator\">\n\t\t\t\t\t\t<\/span>\n\t\t<\/div>\n\t\t\t\t\t\t<\/div>\n\t\t\t\t<\/div>\n\t\t\t\t<div class=\"elementor-element elementor-element-92af393 elementor-widget elementor-widget-spacer\" data-id=\"92af393\" data-element_type=\"widget\" data-e-type=\"widget\" data-widget_type=\"spacer.default\">\n\t\t\t\t<div class=\"elementor-widget-container\">\n\t\t\t\t\t\t\t<div class=\"elementor-spacer\">\n\t\t\t<div class=\"elementor-spacer-inner\"><\/div>\n\t\t<\/div>\n\t\t\t\t\t\t<\/div>\n\t\t\t\t<\/div>\n\t\t\t\t<div class=\"elementor-element elementor-element-c055896 elementor-widget elementor-widget-heading\" data-id=\"c055896\" data-element_type=\"widget\" data-e-type=\"widget\" data-widget_type=\"heading.default\">\n\t\t\t\t<div class=\"elementor-widget-container\">\n\t\t\t\t\t<h2 class=\"elementor-heading-title elementor-size-default\">Les solutions de pr\u00e9vention<\/h2>\t\t\t\t<\/div>\n\t\t\t\t<\/div>\n\t\t\t\t<div class=\"elementor-element elementor-element-2936f47 elementor-widget elementor-widget-spacer\" data-id=\"2936f47\" data-element_type=\"widget\" data-e-type=\"widget\" data-widget_type=\"spacer.default\">\n\t\t\t\t<div class=\"elementor-widget-container\">\n\t\t\t\t\t\t\t<div class=\"elementor-spacer\">\n\t\t\t<div class=\"elementor-spacer-inner\"><\/div>\n\t\t<\/div>\n\t\t\t\t\t\t<\/div>\n\t\t\t\t<\/div>\n\t\t\t\t<div class=\"elementor-element elementor-element-8924fe8 elementor-widget elementor-widget-text-editor\" data-id=\"8924fe8\" data-element_type=\"widget\" data-e-type=\"widget\" data-widget_type=\"text-editor.default\">\n\t\t\t\t<div class=\"elementor-widget-container\">\n\t\t\t\t\t\t\t\t\t<p style=\"text-align: justify;\" data-start=\"3129\" data-end=\"3331\">Il est essentiel de mettre en place des <strong><span style=\"color: #000080;\">mesures de pr\u00e9vention pour limiter l\u2019exposition des professionnels<\/span><\/strong>, en particulier des <strong><span style=\"color: #000080;\">femmes enceintes<\/span><\/strong>, \u00e0 ces gaz.<\/p><p style=\"text-align: justify;\" data-start=\"3129\" data-end=\"3331\"><span style=\"text-decoration: underline;\"><strong>Voici quelques bonnes pratiques recommand\u00e9es :<\/strong><\/span><\/p><div><ul><li style=\"list-style-type: none;\"><ul><li style=\"list-style-type: none;\"><ul style=\"list-style-type: square;\"><li style=\"text-align: justify;\">Les <strong><span style=\"color: #000080;\">dispositifs de ventilation<\/span> <\/strong>des blocs op\u00e9ratoires, leur <strong><span style=\"color: #000080;\">efficacit\u00e9<\/span><\/strong> et leur <strong><span style=\"color: #000080;\">entretien<\/span><\/strong> ont un effet important sur la qualit\u00e9 de l&rsquo;air des blocs op\u00e9ratoires : taux de renouvellement de l\u2019air en g\u00e9n\u00e9ral &gt; 15 vol\/h<\/li><li style=\"text-align: justify;\">Pour pr\u00e9venir les risques li\u00e9s aux gaz anesth\u00e9siants volatils inhalatoires, il est important de <strong><span style=\"color: #000080;\">r\u00e9duire leurs concentrations dans l&rsquo;air<\/span><\/strong> des blocs op\u00e9ratoires au niveau le plus bas possible<\/li><li style=\"text-align: justify;\">Utilisation d\u2019un <strong><span style=\"color: #000080;\">respirateur \u00e0 circuit ferm\u00e9 bas d\u00e9bit<\/span><\/strong><\/li><li style=\"text-align: justify;\">Utilisation d\u2019un <strong><span style=\"color: #000080;\">masque limitant les fuites<\/span><\/strong> du S\u00e9voflurane (du plus protecteur au moins protecteur) :<ul><li style=\"list-style-type: none;\"><ul style=\"list-style-type: circle;\"><li>Masque double enveloppe<\/li><li>Valve \u00e0 la demande<\/li><li>Masque laryng\u00e9<\/li><li>Masque adapt\u00e9 au patient<\/li><\/ul><\/li><\/ul><\/li><li style=\"text-align: justify;\"><strong><span style=\"color: #000080;\">V\u00e9rifications des syst\u00e8mes d&rsquo;anesth\u00e9sies<\/span><\/strong> : D\u00e9tecter et \u00e9liminer toute source de fuite (raccords, embouts, robinetterie, tuyaux, joints, \u2026)<\/li><li style=\"text-align: justify;\"><strong><span style=\"color: #000080;\">Contr\u00f4les et entretiens des installations de ventilations<\/span><\/strong> (il est important de conserver les performances initiales)<\/li><li style=\"text-align: justify;\"><strong><span style=\"color: #000080;\">Information \/ sensibilisation du personnel<\/span><\/strong> aux risques li\u00e9s \u00e0 l\u2019utilisation du S\u00e9voflurane<\/li><\/ul><\/li><\/ul><\/li><\/ul><\/div>\t\t\t\t\t\t\t\t<\/div>\n\t\t\t\t<\/div>\n\t\t\t\t<div class=\"elementor-element elementor-element-91f9b06 elementor-widget-divider--view-line elementor-widget elementor-widget-divider\" data-id=\"91f9b06\" data-element_type=\"widget\" data-e-type=\"widget\" data-widget_type=\"divider.default\">\n\t\t\t\t<div class=\"elementor-widget-container\">\n\t\t\t\t\t\t\t<div class=\"elementor-divider\">\n\t\t\t<span class=\"elementor-divider-separator\">\n\t\t\t\t\t\t<\/span>\n\t\t<\/div>\n\t\t\t\t\t\t<\/div>\n\t\t\t\t<\/div>\n\t\t\t\t<div class=\"elementor-element elementor-element-9b26a47 elementor-widget elementor-widget-spacer\" data-id=\"9b26a47\" data-element_type=\"widget\" data-e-type=\"widget\" data-widget_type=\"spacer.default\">\n\t\t\t\t<div class=\"elementor-widget-container\">\n\t\t\t\t\t\t\t<div class=\"elementor-spacer\">\n\t\t\t<div class=\"elementor-spacer-inner\"><\/div>\n\t\t<\/div>\n\t\t\t\t\t\t<\/div>\n\t\t\t\t<\/div>\n\t\t\t\t<div class=\"elementor-element elementor-element-9ccbd46 elementor-widget elementor-widget-heading\" data-id=\"9ccbd46\" data-element_type=\"widget\" data-e-type=\"widget\" data-widget_type=\"heading.default\">\n\t\t\t\t<div class=\"elementor-widget-container\">\n\t\t\t\t\t<h2 class=\"elementor-heading-title elementor-size-default\">Conclusion<\/h2>\t\t\t\t<\/div>\n\t\t\t\t<\/div>\n\t\t\t\t<div class=\"elementor-element elementor-element-edf05c0 elementor-widget elementor-widget-spacer\" data-id=\"edf05c0\" data-element_type=\"widget\" data-e-type=\"widget\" data-widget_type=\"spacer.default\">\n\t\t\t\t<div class=\"elementor-widget-container\">\n\t\t\t\t\t\t\t<div class=\"elementor-spacer\">\n\t\t\t<div class=\"elementor-spacer-inner\"><\/div>\n\t\t<\/div>\n\t\t\t\t\t\t<\/div>\n\t\t\t\t<\/div>\n\t\t\t\t<div class=\"elementor-element elementor-element-062e9f2 elementor-widget elementor-widget-text-editor\" data-id=\"062e9f2\" data-element_type=\"widget\" data-e-type=\"widget\" data-widget_type=\"text-editor.default\">\n\t\t\t\t<div class=\"elementor-widget-container\">\n\t\t\t\t\t\t\t\t\t<p style=\"text-align: justify;\">La pr\u00e9vention des risques li\u00e9s aux agents anesth\u00e9siants est un <strong><span style=\"color: #000080;\">enjeu majeur<\/span><\/strong> pour la <strong><span style=\"color: #000080;\">s\u00e9curit\u00e9<\/span><\/strong> et la <strong><span style=\"color: #000080;\">sant\u00e9 des professionnels de sant\u00e9<\/span><\/strong>. Une attention particuli\u00e8re doit \u00eatre port\u00e9e \u00e0 la protection des femmes enceintes, qui peuvent \u00eatre particuli\u00e8rement vuln\u00e9rables \u00e0 ces expositions. MT71 s&rsquo;engage \u00e0 sensibiliser et \u00e0 accompagner les professionnels \u00e0 travers des actions de pr\u00e9vention, telles que notre prochain webinaire sur ce sujet, la mise \u00e0 disposition tr\u00e8s prochaine de triptyques de pr\u00e9vention sur les diff\u00e9rents gaz ou encore la construction d&rsquo;actions sp\u00e9cifiques (en cours).<\/p>\t\t\t\t\t\t\t\t<\/div>\n\t\t\t\t<\/div>\n\t\t\t\t<div class=\"elementor-element elementor-element-048a6b5 elementor-widget-divider--view-line elementor-widget elementor-widget-divider\" data-id=\"048a6b5\" data-element_type=\"widget\" data-e-type=\"widget\" data-widget_type=\"divider.default\">\n\t\t\t\t<div class=\"elementor-widget-container\">\n\t\t\t\t\t\t\t<div class=\"elementor-divider\">\n\t\t\t<span class=\"elementor-divider-separator\">\n\t\t\t\t\t\t<\/span>\n\t\t<\/div>\n\t\t\t\t\t\t<\/div>\n\t\t\t\t<\/div>\n\t\t\t\t<div class=\"elementor-element elementor-element-99eb84e elementor-widget elementor-widget-spacer\" data-id=\"99eb84e\" data-element_type=\"widget\" data-e-type=\"widget\" data-widget_type=\"spacer.default\">\n\t\t\t\t<div class=\"elementor-widget-container\">\n\t\t\t\t\t\t\t<div class=\"elementor-spacer\">\n\t\t\t<div class=\"elementor-spacer-inner\"><\/div>\n\t\t<\/div>\n\t\t\t\t\t\t<\/div>\n\t\t\t\t<\/div>\n\t\t\t\t<div class=\"elementor-element elementor-element-17f27d8 elementor-widget elementor-widget-heading\" data-id=\"17f27d8\" data-element_type=\"widget\" data-e-type=\"widget\" data-widget_type=\"heading.default\">\n\t\t\t\t<div class=\"elementor-widget-container\">\n\t\t\t\t\t<h2 class=\"elementor-heading-title elementor-size-default\">Inscrivez-vous \u00e0 notre Webinaire du 27\/03\/25 !<\/h2>\t\t\t\t<\/div>\n\t\t\t\t<\/div>\n\t\t\t\t<div class=\"elementor-element elementor-element-f92d15f elementor-widget elementor-widget-spacer\" data-id=\"f92d15f\" data-element_type=\"widget\" data-e-type=\"widget\" data-widget_type=\"spacer.default\">\n\t\t\t\t<div class=\"elementor-widget-container\">\n\t\t\t\t\t\t\t<div class=\"elementor-spacer\">\n\t\t\t<div class=\"elementor-spacer-inner\"><\/div>\n\t\t<\/div>\n\t\t\t\t\t\t<\/div>\n\t\t\t\t<\/div>\n\t\t\t\t<div class=\"elementor-element elementor-element-e8b4bbb elementor-widget elementor-widget-text-editor\" data-id=\"e8b4bbb\" data-element_type=\"widget\" data-e-type=\"widget\" data-widget_type=\"text-editor.default\">\n\t\t\t\t<div class=\"elementor-widget-container\">\n\t\t\t\t\t\t\t\t\t<p style=\"text-align: justify;\">Si vous souhaitez en savoir plus sur la pr\u00e9vention des risques li\u00e9s aux expositions professionnelles aux agents anesth\u00e9siants, rejoignez-nous lors de notre prochain webinaire anim\u00e9 par Nathalie CARRE, Intervenante en Pr\u00e9vention des Risques Professionnels MT71, sp\u00e9cialis\u00e9e en Toxicologie. Ce webinaire vous permettra d\u2019approfondir vos connaissances sur les risques, leurs impacts et les solutions de pr\u00e9vention \u00e0 mettre en place.<\/p>\t\t\t\t\t\t\t\t<\/div>\n\t\t\t\t<\/div>\n\t\t\t\t<div class=\"elementor-element elementor-element-f005d91 elementor-widget elementor-widget-spacer\" data-id=\"f005d91\" data-element_type=\"widget\" data-e-type=\"widget\" data-widget_type=\"spacer.default\">\n\t\t\t\t<div class=\"elementor-widget-container\">\n\t\t\t\t\t\t\t<div class=\"elementor-spacer\">\n\t\t\t<div class=\"elementor-spacer-inner\"><\/div>\n\t\t<\/div>\n\t\t\t\t\t\t<\/div>\n\t\t\t\t<\/div>\n\t\t\t\t<div class=\"elementor-element elementor-element-ea46c04 elementor-align-justify elementor-widget elementor-widget-button\" data-id=\"ea46c04\" data-element_type=\"widget\" data-e-type=\"widget\" data-widget_type=\"button.default\">\n\t\t\t\t<div class=\"elementor-widget-container\">\n\t\t\t\t\t\t\t\t\t<div class=\"elementor-button-wrapper\">\n\t\t\t\t\t<a class=\"elementor-button elementor-button-link elementor-size-sm\" href=\"https:\/\/events.teams.microsoft.com\/event\/c102b523-0797-4a9f-a782-ff9956330871@967cba38-2bb2-4ee8-b267-3f4551fe39a7\">\n\t\t\t\t\t\t<span class=\"elementor-button-content-wrapper\">\n\t\t\t\t\t\t\t\t\t<span class=\"elementor-button-text\">Je m'inscris au webinaire du 27\/03\/25<\/span>\n\t\t\t\t\t<\/span>\n\t\t\t\t\t<\/a>\n\t\t\t\t<\/div>\n\t\t\t\t\t\t\t\t<\/div>\n\t\t\t\t<\/div>\n\t\t\t\t<div class=\"elementor-element elementor-element-189a53b elementor-widget elementor-widget-spacer\" data-id=\"189a53b\" data-element_type=\"widget\" data-e-type=\"widget\" data-widget_type=\"spacer.default\">\n\t\t\t\t<div class=\"elementor-widget-container\">\n\t\t\t\t\t\t\t<div class=\"elementor-spacer\">\n\t\t\t<div class=\"elementor-spacer-inner\"><\/div>\n\t\t<\/div>\n\t\t\t\t\t\t<\/div>\n\t\t\t\t<\/div>\n\t\t\t\t<div class=\"elementor-element elementor-element-7e33676 elementor-widget elementor-widget-text-editor\" data-id=\"7e33676\" data-element_type=\"widget\" data-e-type=\"widget\" data-widget_type=\"text-editor.default\">\n\t\t\t\t<div class=\"elementor-widget-container\">\n\t\t\t\t\t\t\t\t\t<p style=\"text-align: left;\">Pour toute question, n&rsquo;h\u00e9sitez pas \u00e0 nous contacter. Au plaisir de vous retrouver au cours de ce webinaire !<\/p>\t\t\t\t\t\t\t\t<\/div>\n\t\t\t\t<\/div>\n\t\t\t\t\t<\/div>\n\t\t\t\t<\/div>\n\t\t<div class=\"elementor-element elementor-element-7877029 e-flex e-con-boxed e-con e-parent\" data-id=\"7877029\" data-element_type=\"container\" data-e-type=\"container\">\n\t\t\t\t\t<div class=\"e-con-inner\">\n\t\t\t\t<div class=\"elementor-element elementor-element-84fc418 elementor-widget elementor-widget-image\" data-id=\"84fc418\" data-element_type=\"widget\" data-e-type=\"widget\" data-widget_type=\"image.default\">\n\t\t\t\t<div class=\"elementor-widget-container\">\n\t\t\t\t\t\t\t\t\t\t\t\t\t\t\t<img decoding=\"async\" width=\"1024\" height=\"576\" src=\"https:\/\/www.mt71.fr\/v2\/wp-content\/uploads\/2025\/03\/MT71-gaz-anesthesiant-site-1024x576.png\" class=\"attachment-large size-large wp-image-47551\" alt=\"\" srcset=\"https:\/\/www.mt71.fr\/v2\/wp-content\/uploads\/2025\/03\/MT71-gaz-anesthesiant-site-1024x576.png 1024w, https:\/\/www.mt71.fr\/v2\/wp-content\/uploads\/2025\/03\/MT71-gaz-anesthesiant-site-300x169.png 300w, https:\/\/www.mt71.fr\/v2\/wp-content\/uploads\/2025\/03\/MT71-gaz-anesthesiant-site-768x432.png 768w, https:\/\/www.mt71.fr\/v2\/wp-content\/uploads\/2025\/03\/MT71-gaz-anesthesiant-site-1536x864.png 1536w, https:\/\/www.mt71.fr\/v2\/wp-content\/uploads\/2025\/03\/MT71-gaz-anesthesiant-site.png 1920w\" sizes=\"(max-width: 1024px) 100vw, 1024px\" \/>\t\t\t\t\t\t\t\t\t\t\t\t\t\t\t<\/div>\n\t\t\t\t<\/div>\n\t\t\t\t\t<\/div>\n\t\t\t\t<\/div>\n\t\t\t\t<\/div>\n\t\t","protected":false},"excerpt":{"rendered":"<p>Pr\u00e9vention des risques li\u00e9s aux expositions professionnelles aux gaz anesth\u00e9siants Les professionnels de sant\u00e9 travaillant dans les blocs op\u00e9ratoires ou r\u00e9alisant des actes n\u00e9cessitant l\u2019utilisation d\u2019agents anesth\u00e9siants par inhalation sont expos\u00e9s \u00e0 des risques sp\u00e9cifiques li\u00e9s \u00e0 ces gaz. Cette exposition, bien qu\u2019invisible et souvent sous-estim\u00e9e, peut avoir des impacts sur la sant\u00e9 des travailleurs.&hellip;<\/p>\n","protected":false},"author":11,"featured_media":47551,"comment_status":"closed","ping_status":"open","sticky":false,"template":"","format":"standard","meta":{"jetpack_post_was_ever_published":false,"footnotes":""},"categories":[176],"tags":[],"class_list":["post-47549","post","type-post","status-publish","format-standard","has-post-thumbnail","hentry","category-prevention"],"yoast_head":"<!-- This site is optimized with the Yoast SEO plugin v27.5 - https:\/\/yoast.com\/product\/yoast-seo-wordpress\/ -->\n<title>Webinaire : Pr\u00e9vention des expositions professionnelles aux gaz anesth\u00e9siants (avec focus pour la femme enceinte) - MT71 - Pr\u00e9vention &amp; Sant\u00e9 au Travail<\/title>\n<meta name=\"robots\" content=\"index, follow, max-snippet:-1, max-image-preview:large, max-video-preview:-1\" \/>\n<link rel=\"canonical\" href=\"https:\/\/www.mt71.fr\/v2\/webinaire-prevention-des-expositions-professionnelles-aux-gaz-anesthesiants-avec-focus-pour-la-femme-enceinte\/\" \/>\n<meta property=\"og:locale\" content=\"fr_FR\" \/>\n<meta property=\"og:type\" content=\"article\" \/>\n<meta property=\"og:title\" content=\"Webinaire : Pr\u00e9vention des expositions professionnelles aux gaz anesth\u00e9siants (avec focus pour la femme enceinte) - MT71 - Pr\u00e9vention &amp; Sant\u00e9 au Travail\" \/>\n<meta property=\"og:description\" content=\"Pr\u00e9vention des risques li\u00e9s aux expositions professionnelles aux gaz anesth\u00e9siants Les professionnels de sant\u00e9 travaillant dans les blocs op\u00e9ratoires ou r\u00e9alisant des actes n\u00e9cessitant l\u2019utilisation d\u2019agents anesth\u00e9siants par inhalation sont expos\u00e9s \u00e0 des risques sp\u00e9cifiques li\u00e9s \u00e0 ces gaz. Cette exposition, bien qu\u2019invisible et souvent sous-estim\u00e9e, peut avoir des impacts sur la sant\u00e9 des travailleurs.&hellip;\" \/>\n<meta property=\"og:url\" content=\"https:\/\/www.mt71.fr\/v2\/webinaire-prevention-des-expositions-professionnelles-aux-gaz-anesthesiants-avec-focus-pour-la-femme-enceinte\/\" \/>\n<meta property=\"og:site_name\" content=\"MT71 - Pr\u00e9vention &amp; Sant\u00e9 au Travail\" \/>\n<meta property=\"article:published_time\" content=\"2025-03-05T10:36:23+00:00\" \/>\n<meta property=\"article:modified_time\" content=\"2025-03-06T09:14:13+00:00\" \/>\n<meta property=\"og:image\" content=\"https:\/\/www.mt71.fr\/v2\/wp-content\/uploads\/2025\/03\/MT71-gaz-anesthesiant-site.png\" \/>\n\t<meta property=\"og:image:width\" content=\"1920\" \/>\n\t<meta property=\"og:image:height\" content=\"1080\" \/>\n\t<meta property=\"og:image:type\" content=\"image\/png\" \/>\n<meta name=\"author\" content=\"Fabrice LOGEROT\" \/>\n<meta name=\"twitter:card\" content=\"summary_large_image\" \/>\n<meta name=\"twitter:label1\" content=\"\u00c9crit par\" \/>\n\t<meta name=\"twitter:data1\" content=\"Fabrice LOGEROT\" \/>\n\t<meta name=\"twitter:label2\" content=\"Dur\u00e9e de lecture estim\u00e9e\" \/>\n\t<meta name=\"twitter:data2\" content=\"4 minutes\" \/>\n<script type=\"application\/ld+json\" class=\"yoast-schema-graph\">{\"@context\":\"https:\\\/\\\/schema.org\",\"@graph\":[{\"@type\":\"Article\",\"@id\":\"https:\\\/\\\/www.mt71.fr\\\/v2\\\/webinaire-prevention-des-expositions-professionnelles-aux-gaz-anesthesiants-avec-focus-pour-la-femme-enceinte\\\/#article\",\"isPartOf\":{\"@id\":\"https:\\\/\\\/www.mt71.fr\\\/v2\\\/webinaire-prevention-des-expositions-professionnelles-aux-gaz-anesthesiants-avec-focus-pour-la-femme-enceinte\\\/\"},\"author\":{\"name\":\"Fabrice LOGEROT\",\"@id\":\"https:\\\/\\\/www.mt71.fr\\\/v2\\\/#\\\/schema\\\/person\\\/78bfc311273b357d0486fb2b4ab37ae9\"},\"headline\":\"Webinaire : Pr\u00e9vention des expositions professionnelles aux gaz anesth\u00e9siants (avec focus pour la femme enceinte)\",\"datePublished\":\"2025-03-05T10:36:23+00:00\",\"dateModified\":\"2025-03-06T09:14:13+00:00\",\"mainEntityOfPage\":{\"@id\":\"https:\\\/\\\/www.mt71.fr\\\/v2\\\/webinaire-prevention-des-expositions-professionnelles-aux-gaz-anesthesiants-avec-focus-pour-la-femme-enceinte\\\/\"},\"wordCount\":720,\"publisher\":{\"@id\":\"https:\\\/\\\/www.mt71.fr\\\/v2\\\/#organization\"},\"image\":{\"@id\":\"https:\\\/\\\/www.mt71.fr\\\/v2\\\/webinaire-prevention-des-expositions-professionnelles-aux-gaz-anesthesiants-avec-focus-pour-la-femme-enceinte\\\/#primaryimage\"},\"thumbnailUrl\":\"https:\\\/\\\/www.mt71.fr\\\/v2\\\/wp-content\\\/uploads\\\/2025\\\/03\\\/MT71-gaz-anesthesiant-site.png\",\"articleSection\":[\"Pr\u00e9vention\"],\"inLanguage\":\"fr-FR\"},{\"@type\":\"WebPage\",\"@id\":\"https:\\\/\\\/www.mt71.fr\\\/v2\\\/webinaire-prevention-des-expositions-professionnelles-aux-gaz-anesthesiants-avec-focus-pour-la-femme-enceinte\\\/\",\"url\":\"https:\\\/\\\/www.mt71.fr\\\/v2\\\/webinaire-prevention-des-expositions-professionnelles-aux-gaz-anesthesiants-avec-focus-pour-la-femme-enceinte\\\/\",\"name\":\"Webinaire : Pr\u00e9vention des expositions professionnelles aux gaz anesth\u00e9siants (avec focus pour la femme enceinte) - MT71 - Pr\u00e9vention &amp; Sant\u00e9 au Travail\",\"isPartOf\":{\"@id\":\"https:\\\/\\\/www.mt71.fr\\\/v2\\\/#website\"},\"primaryImageOfPage\":{\"@id\":\"https:\\\/\\\/www.mt71.fr\\\/v2\\\/webinaire-prevention-des-expositions-professionnelles-aux-gaz-anesthesiants-avec-focus-pour-la-femme-enceinte\\\/#primaryimage\"},\"image\":{\"@id\":\"https:\\\/\\\/www.mt71.fr\\\/v2\\\/webinaire-prevention-des-expositions-professionnelles-aux-gaz-anesthesiants-avec-focus-pour-la-femme-enceinte\\\/#primaryimage\"},\"thumbnailUrl\":\"https:\\\/\\\/www.mt71.fr\\\/v2\\\/wp-content\\\/uploads\\\/2025\\\/03\\\/MT71-gaz-anesthesiant-site.png\",\"datePublished\":\"2025-03-05T10:36:23+00:00\",\"dateModified\":\"2025-03-06T09:14:13+00:00\",\"breadcrumb\":{\"@id\":\"https:\\\/\\\/www.mt71.fr\\\/v2\\\/webinaire-prevention-des-expositions-professionnelles-aux-gaz-anesthesiants-avec-focus-pour-la-femme-enceinte\\\/#breadcrumb\"},\"inLanguage\":\"fr-FR\",\"potentialAction\":[{\"@type\":\"ReadAction\",\"target\":[\"https:\\\/\\\/www.mt71.fr\\\/v2\\\/webinaire-prevention-des-expositions-professionnelles-aux-gaz-anesthesiants-avec-focus-pour-la-femme-enceinte\\\/\"]}]},{\"@type\":\"ImageObject\",\"inLanguage\":\"fr-FR\",\"@id\":\"https:\\\/\\\/www.mt71.fr\\\/v2\\\/webinaire-prevention-des-expositions-professionnelles-aux-gaz-anesthesiants-avec-focus-pour-la-femme-enceinte\\\/#primaryimage\",\"url\":\"https:\\\/\\\/www.mt71.fr\\\/v2\\\/wp-content\\\/uploads\\\/2025\\\/03\\\/MT71-gaz-anesthesiant-site.png\",\"contentUrl\":\"https:\\\/\\\/www.mt71.fr\\\/v2\\\/wp-content\\\/uploads\\\/2025\\\/03\\\/MT71-gaz-anesthesiant-site.png\",\"width\":1920,\"height\":1080},{\"@type\":\"BreadcrumbList\",\"@id\":\"https:\\\/\\\/www.mt71.fr\\\/v2\\\/webinaire-prevention-des-expositions-professionnelles-aux-gaz-anesthesiants-avec-focus-pour-la-femme-enceinte\\\/#breadcrumb\",\"itemListElement\":[{\"@type\":\"ListItem\",\"position\":1,\"name\":\"Accueil\",\"item\":\"https:\\\/\\\/www.mt71.fr\\\/v2\\\/\"},{\"@type\":\"ListItem\",\"position\":2,\"name\":\"Webinaire : Pr\u00e9vention des expositions professionnelles aux gaz anesth\u00e9siants (avec focus pour la femme enceinte)\"}]},{\"@type\":\"WebSite\",\"@id\":\"https:\\\/\\\/www.mt71.fr\\\/v2\\\/#website\",\"url\":\"https:\\\/\\\/www.mt71.fr\\\/v2\\\/\",\"name\":\"MT71 Service de Pr\u00e9vention et de Sant\u00e9 au Travail Interentreprises\",\"description\":\"Service de Pr\u00e9vention et de Sant\u00e9 au Travail Interentreprises en Sa\u00f4ne-et-Loire\",\"publisher\":{\"@id\":\"https:\\\/\\\/www.mt71.fr\\\/v2\\\/#organization\"},\"alternateName\":\"MT71\",\"potentialAction\":[{\"@type\":\"SearchAction\",\"target\":{\"@type\":\"EntryPoint\",\"urlTemplate\":\"https:\\\/\\\/www.mt71.fr\\\/v2\\\/?s={search_term_string}\"},\"query-input\":{\"@type\":\"PropertyValueSpecification\",\"valueRequired\":true,\"valueName\":\"search_term_string\"}}],\"inLanguage\":\"fr-FR\"},{\"@type\":\"Organization\",\"@id\":\"https:\\\/\\\/www.mt71.fr\\\/v2\\\/#organization\",\"name\":\"MT71\",\"url\":\"https:\\\/\\\/www.mt71.fr\\\/v2\\\/\",\"logo\":{\"@type\":\"ImageObject\",\"inLanguage\":\"fr-FR\",\"@id\":\"https:\\\/\\\/www.mt71.fr\\\/v2\\\/#\\\/schema\\\/logo\\\/image\\\/\",\"url\":\"https:\\\/\\\/www.mt71.fr\\\/v2\\\/wp-content\\\/uploads\\\/2024\\\/11\\\/Logo-MT71-site-internet.png\",\"contentUrl\":\"https:\\\/\\\/www.mt71.fr\\\/v2\\\/wp-content\\\/uploads\\\/2024\\\/11\\\/Logo-MT71-site-internet.png\",\"width\":200,\"height\":150,\"caption\":\"MT71\"},\"image\":{\"@id\":\"https:\\\/\\\/www.mt71.fr\\\/v2\\\/#\\\/schema\\\/logo\\\/image\\\/\"},\"sameAs\":[\"https:\\\/\\\/fr.linkedin.com\\\/company\\\/mt71\",\"https:\\\/\\\/www.youtube.com\\\/channel\\\/UCuqkcoz1dgttolhwMEnC6tg\"]},{\"@type\":\"Person\",\"@id\":\"https:\\\/\\\/www.mt71.fr\\\/v2\\\/#\\\/schema\\\/person\\\/78bfc311273b357d0486fb2b4ab37ae9\",\"name\":\"Fabrice LOGEROT\",\"image\":{\"@type\":\"ImageObject\",\"inLanguage\":\"fr-FR\",\"@id\":\"https:\\\/\\\/secure.gravatar.com\\\/avatar\\\/8fb4e5864347a408d69f0f743186329fe3b9f9cd64b42c32fd98d0632c4efc69?s=96&d=mm&r=g\",\"url\":\"https:\\\/\\\/secure.gravatar.com\\\/avatar\\\/8fb4e5864347a408d69f0f743186329fe3b9f9cd64b42c32fd98d0632c4efc69?s=96&d=mm&r=g\",\"contentUrl\":\"https:\\\/\\\/secure.gravatar.com\\\/avatar\\\/8fb4e5864347a408d69f0f743186329fe3b9f9cd64b42c32fd98d0632c4efc69?s=96&d=mm&r=g\",\"caption\":\"Fabrice LOGEROT\"}}]}<\/script>\n<!-- \/ Yoast SEO plugin. -->","yoast_head_json":{"title":"Webinaire : Pr\u00e9vention des expositions professionnelles aux gaz anesth\u00e9siants (avec focus pour la femme enceinte) - MT71 - Pr\u00e9vention &amp; Sant\u00e9 au Travail","robots":{"index":"index","follow":"follow","max-snippet":"max-snippet:-1","max-image-preview":"max-image-preview:large","max-video-preview":"max-video-preview:-1"},"canonical":"https:\/\/www.mt71.fr\/v2\/webinaire-prevention-des-expositions-professionnelles-aux-gaz-anesthesiants-avec-focus-pour-la-femme-enceinte\/","og_locale":"fr_FR","og_type":"article","og_title":"Webinaire : Pr\u00e9vention des expositions professionnelles aux gaz anesth\u00e9siants (avec focus pour la femme enceinte) - MT71 - Pr\u00e9vention &amp; Sant\u00e9 au Travail","og_description":"Pr\u00e9vention des risques li\u00e9s aux expositions professionnelles aux gaz anesth\u00e9siants Les professionnels de sant\u00e9 travaillant dans les blocs op\u00e9ratoires ou r\u00e9alisant des actes n\u00e9cessitant l\u2019utilisation d\u2019agents anesth\u00e9siants par inhalation sont expos\u00e9s \u00e0 des risques sp\u00e9cifiques li\u00e9s \u00e0 ces gaz. Cette exposition, bien qu\u2019invisible et souvent sous-estim\u00e9e, peut avoir des impacts sur la sant\u00e9 des travailleurs.&hellip;","og_url":"https:\/\/www.mt71.fr\/v2\/webinaire-prevention-des-expositions-professionnelles-aux-gaz-anesthesiants-avec-focus-pour-la-femme-enceinte\/","og_site_name":"MT71 - Pr\u00e9vention &amp; Sant\u00e9 au Travail","article_published_time":"2025-03-05T10:36:23+00:00","article_modified_time":"2025-03-06T09:14:13+00:00","og_image":[{"width":1920,"height":1080,"url":"https:\/\/www.mt71.fr\/v2\/wp-content\/uploads\/2025\/03\/MT71-gaz-anesthesiant-site.png","type":"image\/png"}],"author":"Fabrice LOGEROT","twitter_card":"summary_large_image","twitter_misc":{"\u00c9crit par":"Fabrice LOGEROT","Dur\u00e9e de lecture estim\u00e9e":"4 minutes"},"schema":{"@context":"https:\/\/schema.org","@graph":[{"@type":"Article","@id":"https:\/\/www.mt71.fr\/v2\/webinaire-prevention-des-expositions-professionnelles-aux-gaz-anesthesiants-avec-focus-pour-la-femme-enceinte\/#article","isPartOf":{"@id":"https:\/\/www.mt71.fr\/v2\/webinaire-prevention-des-expositions-professionnelles-aux-gaz-anesthesiants-avec-focus-pour-la-femme-enceinte\/"},"author":{"name":"Fabrice LOGEROT","@id":"https:\/\/www.mt71.fr\/v2\/#\/schema\/person\/78bfc311273b357d0486fb2b4ab37ae9"},"headline":"Webinaire : Pr\u00e9vention des expositions professionnelles aux gaz anesth\u00e9siants (avec focus pour la femme enceinte)","datePublished":"2025-03-05T10:36:23+00:00","dateModified":"2025-03-06T09:14:13+00:00","mainEntityOfPage":{"@id":"https:\/\/www.mt71.fr\/v2\/webinaire-prevention-des-expositions-professionnelles-aux-gaz-anesthesiants-avec-focus-pour-la-femme-enceinte\/"},"wordCount":720,"publisher":{"@id":"https:\/\/www.mt71.fr\/v2\/#organization"},"image":{"@id":"https:\/\/www.mt71.fr\/v2\/webinaire-prevention-des-expositions-professionnelles-aux-gaz-anesthesiants-avec-focus-pour-la-femme-enceinte\/#primaryimage"},"thumbnailUrl":"https:\/\/www.mt71.fr\/v2\/wp-content\/uploads\/2025\/03\/MT71-gaz-anesthesiant-site.png","articleSection":["Pr\u00e9vention"],"inLanguage":"fr-FR"},{"@type":"WebPage","@id":"https:\/\/www.mt71.fr\/v2\/webinaire-prevention-des-expositions-professionnelles-aux-gaz-anesthesiants-avec-focus-pour-la-femme-enceinte\/","url":"https:\/\/www.mt71.fr\/v2\/webinaire-prevention-des-expositions-professionnelles-aux-gaz-anesthesiants-avec-focus-pour-la-femme-enceinte\/","name":"Webinaire : Pr\u00e9vention des expositions professionnelles aux gaz anesth\u00e9siants (avec focus pour la femme enceinte) - MT71 - Pr\u00e9vention &amp; Sant\u00e9 au Travail","isPartOf":{"@id":"https:\/\/www.mt71.fr\/v2\/#website"},"primaryImageOfPage":{"@id":"https:\/\/www.mt71.fr\/v2\/webinaire-prevention-des-expositions-professionnelles-aux-gaz-anesthesiants-avec-focus-pour-la-femme-enceinte\/#primaryimage"},"image":{"@id":"https:\/\/www.mt71.fr\/v2\/webinaire-prevention-des-expositions-professionnelles-aux-gaz-anesthesiants-avec-focus-pour-la-femme-enceinte\/#primaryimage"},"thumbnailUrl":"https:\/\/www.mt71.fr\/v2\/wp-content\/uploads\/2025\/03\/MT71-gaz-anesthesiant-site.png","datePublished":"2025-03-05T10:36:23+00:00","dateModified":"2025-03-06T09:14:13+00:00","breadcrumb":{"@id":"https:\/\/www.mt71.fr\/v2\/webinaire-prevention-des-expositions-professionnelles-aux-gaz-anesthesiants-avec-focus-pour-la-femme-enceinte\/#breadcrumb"},"inLanguage":"fr-FR","potentialAction":[{"@type":"ReadAction","target":["https:\/\/www.mt71.fr\/v2\/webinaire-prevention-des-expositions-professionnelles-aux-gaz-anesthesiants-avec-focus-pour-la-femme-enceinte\/"]}]},{"@type":"ImageObject","inLanguage":"fr-FR","@id":"https:\/\/www.mt71.fr\/v2\/webinaire-prevention-des-expositions-professionnelles-aux-gaz-anesthesiants-avec-focus-pour-la-femme-enceinte\/#primaryimage","url":"https:\/\/www.mt71.fr\/v2\/wp-content\/uploads\/2025\/03\/MT71-gaz-anesthesiant-site.png","contentUrl":"https:\/\/www.mt71.fr\/v2\/wp-content\/uploads\/2025\/03\/MT71-gaz-anesthesiant-site.png","width":1920,"height":1080},{"@type":"BreadcrumbList","@id":"https:\/\/www.mt71.fr\/v2\/webinaire-prevention-des-expositions-professionnelles-aux-gaz-anesthesiants-avec-focus-pour-la-femme-enceinte\/#breadcrumb","itemListElement":[{"@type":"ListItem","position":1,"name":"Accueil","item":"https:\/\/www.mt71.fr\/v2\/"},{"@type":"ListItem","position":2,"name":"Webinaire : Pr\u00e9vention des expositions professionnelles aux gaz anesth\u00e9siants (avec focus pour la femme enceinte)"}]},{"@type":"WebSite","@id":"https:\/\/www.mt71.fr\/v2\/#website","url":"https:\/\/www.mt71.fr\/v2\/","name":"MT71 Service de Pr\u00e9vention et de Sant\u00e9 au Travail Interentreprises","description":"Service de Pr\u00e9vention et de Sant\u00e9 au Travail Interentreprises en Sa\u00f4ne-et-Loire","publisher":{"@id":"https:\/\/www.mt71.fr\/v2\/#organization"},"alternateName":"MT71","potentialAction":[{"@type":"SearchAction","target":{"@type":"EntryPoint","urlTemplate":"https:\/\/www.mt71.fr\/v2\/?s={search_term_string}"},"query-input":{"@type":"PropertyValueSpecification","valueRequired":true,"valueName":"search_term_string"}}],"inLanguage":"fr-FR"},{"@type":"Organization","@id":"https:\/\/www.mt71.fr\/v2\/#organization","name":"MT71","url":"https:\/\/www.mt71.fr\/v2\/","logo":{"@type":"ImageObject","inLanguage":"fr-FR","@id":"https:\/\/www.mt71.fr\/v2\/#\/schema\/logo\/image\/","url":"https:\/\/www.mt71.fr\/v2\/wp-content\/uploads\/2024\/11\/Logo-MT71-site-internet.png","contentUrl":"https:\/\/www.mt71.fr\/v2\/wp-content\/uploads\/2024\/11\/Logo-MT71-site-internet.png","width":200,"height":150,"caption":"MT71"},"image":{"@id":"https:\/\/www.mt71.fr\/v2\/#\/schema\/logo\/image\/"},"sameAs":["https:\/\/fr.linkedin.com\/company\/mt71","https:\/\/www.youtube.com\/channel\/UCuqkcoz1dgttolhwMEnC6tg"]},{"@type":"Person","@id":"https:\/\/www.mt71.fr\/v2\/#\/schema\/person\/78bfc311273b357d0486fb2b4ab37ae9","name":"Fabrice LOGEROT","image":{"@type":"ImageObject","inLanguage":"fr-FR","@id":"https:\/\/secure.gravatar.com\/avatar\/8fb4e5864347a408d69f0f743186329fe3b9f9cd64b42c32fd98d0632c4efc69?s=96&d=mm&r=g","url":"https:\/\/secure.gravatar.com\/avatar\/8fb4e5864347a408d69f0f743186329fe3b9f9cd64b42c32fd98d0632c4efc69?s=96&d=mm&r=g","contentUrl":"https:\/\/secure.gravatar.com\/avatar\/8fb4e5864347a408d69f0f743186329fe3b9f9cd64b42c32fd98d0632c4efc69?s=96&d=mm&r=g","caption":"Fabrice LOGEROT"}}]}},"jetpack_featured_media_url":"https:\/\/www.mt71.fr\/v2\/wp-content\/uploads\/2025\/03\/MT71-gaz-anesthesiant-site.png","jetpack_sharing_enabled":true,"_links":{"self":[{"href":"https:\/\/www.mt71.fr\/v2\/wp-json\/wp\/v2\/posts\/47549","targetHints":{"allow":["GET"]}}],"collection":[{"href":"https:\/\/www.mt71.fr\/v2\/wp-json\/wp\/v2\/posts"}],"about":[{"href":"https:\/\/www.mt71.fr\/v2\/wp-json\/wp\/v2\/types\/post"}],"author":[{"embeddable":true,"href":"https:\/\/www.mt71.fr\/v2\/wp-json\/wp\/v2\/users\/11"}],"replies":[{"embeddable":true,"href":"https:\/\/www.mt71.fr\/v2\/wp-json\/wp\/v2\/comments?post=47549"}],"version-history":[{"count":7,"href":"https:\/\/www.mt71.fr\/v2\/wp-json\/wp\/v2\/posts\/47549\/revisions"}],"predecessor-version":[{"id":47581,"href":"https:\/\/www.mt71.fr\/v2\/wp-json\/wp\/v2\/posts\/47549\/revisions\/47581"}],"wp:featuredmedia":[{"embeddable":true,"href":"https:\/\/www.mt71.fr\/v2\/wp-json\/wp\/v2\/media\/47551"}],"wp:attachment":[{"href":"https:\/\/www.mt71.fr\/v2\/wp-json\/wp\/v2\/media?parent=47549"}],"wp:term":[{"taxonomy":"category","embeddable":true,"href":"https:\/\/www.mt71.fr\/v2\/wp-json\/wp\/v2\/categories?post=47549"},{"taxonomy":"post_tag","embeddable":true,"href":"https:\/\/www.mt71.fr\/v2\/wp-json\/wp\/v2\/tags?post=47549"}],"curies":[{"name":"wp","href":"https:\/\/api.w.org\/{rel}","templated":true}]}}