{"id":48004,"date":"2025-05-13T14:19:15","date_gmt":"2025-05-13T12:19:15","guid":{"rendered":"https:\/\/www.mt71.fr\/v2\/?p=48004"},"modified":"2025-05-13T14:29:11","modified_gmt":"2025-05-13T12:29:11","slug":"matinale-prevention-des-manutentions-le-5-juin-2025","status":"publish","type":"post","link":"https:\/\/www.mt71.fr\/v2\/matinale-prevention-des-manutentions-le-5-juin-2025\/","title":{"rendered":"Matinale \u00ab\u00a0Pr\u00e9vention des manutentions\u00a0\u00bb : le 5 Juin 2025"},"content":{"rendered":"\t\t<div data-elementor-type=\"wp-post\" data-elementor-id=\"48004\" class=\"elementor elementor-48004\">\n\t\t\t\t<div class=\"elementor-element elementor-element-7716ecc e-flex e-con-boxed e-con e-parent\" data-id=\"7716ecc\" data-element_type=\"container\" data-e-type=\"container\">\n\t\t\t\t\t<div class=\"e-con-inner\">\n\t\t\t\t<div class=\"elementor-element elementor-element-d8e2e6a elementor-widget elementor-widget-image\" data-id=\"d8e2e6a\" data-element_type=\"widget\" data-e-type=\"widget\" data-widget_type=\"image.default\">\n\t\t\t\t<div class=\"elementor-widget-container\">\n\t\t\t\t\t\t\t\t\t\t\t\t\t\t\t<img fetchpriority=\"high\" decoding=\"async\" width=\"1584\" height=\"200\" src=\"https:\/\/www.mt71.fr\/v2\/wp-content\/uploads\/2025\/05\/Matinale-Prevention-des-manutentions-Site-MT71.png\" class=\"attachment-full size-full wp-image-48007\" alt=\"\" srcset=\"https:\/\/www.mt71.fr\/v2\/wp-content\/uploads\/2025\/05\/Matinale-Prevention-des-manutentions-Site-MT71.png 1584w, https:\/\/www.mt71.fr\/v2\/wp-content\/uploads\/2025\/05\/Matinale-Prevention-des-manutentions-Site-MT71-300x38.png 300w, https:\/\/www.mt71.fr\/v2\/wp-content\/uploads\/2025\/05\/Matinale-Prevention-des-manutentions-Site-MT71-1024x129.png 1024w, https:\/\/www.mt71.fr\/v2\/wp-content\/uploads\/2025\/05\/Matinale-Prevention-des-manutentions-Site-MT71-768x97.png 768w, https:\/\/www.mt71.fr\/v2\/wp-content\/uploads\/2025\/05\/Matinale-Prevention-des-manutentions-Site-MT71-1536x194.png 1536w\" sizes=\"(max-width: 1584px) 100vw, 1584px\" \/>\t\t\t\t\t\t\t\t\t\t\t\t\t\t\t<\/div>\n\t\t\t\t<\/div>\n\t\t\t\t<div class=\"elementor-element elementor-element-c657e8d elementor-widget elementor-widget-spacer\" data-id=\"c657e8d\" data-element_type=\"widget\" data-e-type=\"widget\" data-widget_type=\"spacer.default\">\n\t\t\t\t<div class=\"elementor-widget-container\">\n\t\t\t\t\t\t\t<div class=\"elementor-spacer\">\n\t\t\t<div class=\"elementor-spacer-inner\"><\/div>\n\t\t<\/div>\n\t\t\t\t\t\t<\/div>\n\t\t\t\t<\/div>\n\t\t\t\t<div class=\"elementor-element elementor-element-197995d elementor-widget-divider--view-line elementor-widget elementor-widget-divider\" data-id=\"197995d\" data-element_type=\"widget\" data-e-type=\"widget\" data-widget_type=\"divider.default\">\n\t\t\t\t<div class=\"elementor-widget-container\">\n\t\t\t\t\t\t\t<div class=\"elementor-divider\">\n\t\t\t<span class=\"elementor-divider-separator\">\n\t\t\t\t\t\t<\/span>\n\t\t<\/div>\n\t\t\t\t\t\t<\/div>\n\t\t\t\t<\/div>\n\t\t\t\t\t<\/div>\n\t\t\t\t<\/div>\n\t\t<div class=\"elementor-element elementor-element-0da5032 e-flex e-con-boxed e-con e-parent\" data-id=\"0da5032\" data-element_type=\"container\" data-e-type=\"container\">\n\t\t\t\t\t<div class=\"e-con-inner\">\n\t\t\t\t<div class=\"elementor-element elementor-element-cae34f5 elementor-widget elementor-widget-spacer\" data-id=\"cae34f5\" data-element_type=\"widget\" data-e-type=\"widget\" data-widget_type=\"spacer.default\">\n\t\t\t\t<div class=\"elementor-widget-container\">\n\t\t\t\t\t\t\t<div class=\"elementor-spacer\">\n\t\t\t<div class=\"elementor-spacer-inner\"><\/div>\n\t\t<\/div>\n\t\t\t\t\t\t<\/div>\n\t\t\t\t<\/div>\n\t\t\t\t<div class=\"elementor-element elementor-element-f8f19f2 elementor-widget elementor-widget-heading\" data-id=\"f8f19f2\" data-element_type=\"widget\" data-e-type=\"widget\" data-widget_type=\"heading.default\">\n\t\t\t\t<div class=\"elementor-widget-container\">\n\t\t\t\t\t<h2 class=\"elementor-heading-title elementor-size-default\">Qui est concern\u00e9 par cette matinale ?<\/h2>\t\t\t\t<\/div>\n\t\t\t\t<\/div>\n\t\t\t\t<div class=\"elementor-element elementor-element-5dc5356 elementor-widget elementor-widget-spacer\" data-id=\"5dc5356\" data-element_type=\"widget\" data-e-type=\"widget\" data-widget_type=\"spacer.default\">\n\t\t\t\t<div class=\"elementor-widget-container\">\n\t\t\t\t\t\t\t<div class=\"elementor-spacer\">\n\t\t\t<div class=\"elementor-spacer-inner\"><\/div>\n\t\t<\/div>\n\t\t\t\t\t\t<\/div>\n\t\t\t\t<\/div>\n\t\t\t\t<div class=\"elementor-element elementor-element-b32555e elementor-widget elementor-widget-text-editor\" data-id=\"b32555e\" data-element_type=\"widget\" data-e-type=\"widget\" data-widget_type=\"text-editor.default\">\n\t\t\t\t<div class=\"elementor-widget-container\">\n\t\t\t\t\t\t\t\t\t<p class=\"\" style=\"text-align: justify;\" data-start=\"331\" data-end=\"575\">Quels que soient les secteurs d\u2019activit\u00e9 (services \u00e0 la personne, industrie, start-up technologiques,\u2026), les <strong><span style=\"color: #000080;\">transformations du travail<\/span><\/strong> invitent \u00e0 <strong><span style=\"color: #000080;\">repenser nos pratiques<\/span><\/strong> de pr\u00e9vention et d\u2019am\u00e9lioration des conditions de travail.<\/p><p class=\"\" style=\"text-align: justify;\" data-start=\"331\" data-end=\"575\">C&rsquo;est pourquoi, <a href=\"https:\/\/universco.fr\/\" target=\"_blank\" rel=\"noopener\">Univers Co<\/a> organise une matin\u00e9e d\u00e9di\u00e9e \u00e0 la pr\u00e9vention des manutentions \u00e0 destination des <strong><span style=\"color: #000080;\">chefs d&rsquo;entreprise<\/span><\/strong>, des <strong><span style=\"color: #000080;\">responsables des ressources humaines<\/span><\/strong>, et des <strong><span style=\"color: #000080;\">r\u00e9f\u00e9rents sant\u00e9 s\u00e9curit\u00e9 et conditions de travail<\/span><\/strong> dans un objectif de partages et d&rsquo;\u00e9changes.<\/p>\t\t\t\t\t\t\t\t<\/div>\n\t\t\t\t<\/div>\n\t\t\t\t<div class=\"elementor-element elementor-element-964afca elementor-widget elementor-widget-spacer\" data-id=\"964afca\" data-element_type=\"widget\" data-e-type=\"widget\" data-widget_type=\"spacer.default\">\n\t\t\t\t<div class=\"elementor-widget-container\">\n\t\t\t\t\t\t\t<div class=\"elementor-spacer\">\n\t\t\t<div class=\"elementor-spacer-inner\"><\/div>\n\t\t<\/div>\n\t\t\t\t\t\t<\/div>\n\t\t\t\t<\/div>\n\t\t\t\t<div class=\"elementor-element elementor-element-4b6b30f elementor-widget-divider--view-line elementor-widget elementor-widget-divider\" data-id=\"4b6b30f\" data-element_type=\"widget\" data-e-type=\"widget\" data-widget_type=\"divider.default\">\n\t\t\t\t<div class=\"elementor-widget-container\">\n\t\t\t\t\t\t\t<div class=\"elementor-divider\">\n\t\t\t<span class=\"elementor-divider-separator\">\n\t\t\t\t\t\t<\/span>\n\t\t<\/div>\n\t\t\t\t\t\t<\/div>\n\t\t\t\t<\/div>\n\t\t\t\t\t<\/div>\n\t\t\t\t<\/div>\n\t\t<div class=\"elementor-element elementor-element-d42418b e-flex e-con-boxed e-con e-parent\" data-id=\"d42418b\" data-element_type=\"container\" data-e-type=\"container\">\n\t\t\t\t\t<div class=\"e-con-inner\">\n\t\t\t\t<div class=\"elementor-element elementor-element-2d49945 elementor-widget elementor-widget-spacer\" data-id=\"2d49945\" data-element_type=\"widget\" data-e-type=\"widget\" data-widget_type=\"spacer.default\">\n\t\t\t\t<div class=\"elementor-widget-container\">\n\t\t\t\t\t\t\t<div class=\"elementor-spacer\">\n\t\t\t<div class=\"elementor-spacer-inner\"><\/div>\n\t\t<\/div>\n\t\t\t\t\t\t<\/div>\n\t\t\t\t<\/div>\n\t\t\t\t<div class=\"elementor-element elementor-element-f4f6957 elementor-widget elementor-widget-heading\" data-id=\"f4f6957\" data-element_type=\"widget\" data-e-type=\"widget\" data-widget_type=\"heading.default\">\n\t\t\t\t<div class=\"elementor-widget-container\">\n\t\t\t\t\t<h2 class=\"elementor-heading-title elementor-size-default\">Quel est le programme ?<\/h2>\t\t\t\t<\/div>\n\t\t\t\t<\/div>\n\t\t\t\t<div class=\"elementor-element elementor-element-9481a6c elementor-widget elementor-widget-spacer\" data-id=\"9481a6c\" data-element_type=\"widget\" data-e-type=\"widget\" data-widget_type=\"spacer.default\">\n\t\t\t\t<div class=\"elementor-widget-container\">\n\t\t\t\t\t\t\t<div class=\"elementor-spacer\">\n\t\t\t<div class=\"elementor-spacer-inner\"><\/div>\n\t\t<\/div>\n\t\t\t\t\t\t<\/div>\n\t\t\t\t<\/div>\n\t\t\t\t<div class=\"elementor-element elementor-element-dd104dc elementor-widget elementor-widget-text-editor\" data-id=\"dd104dc\" data-element_type=\"widget\" data-e-type=\"widget\" data-widget_type=\"text-editor.default\">\n\t\t\t\t<div class=\"elementor-widget-container\">\n\t\t\t\t\t\t\t\t\t<p class=\"\" style=\"text-align: justify;\" data-start=\"1029\" data-end=\"1224\">Cette matinale repr\u00e9sente une opportunit\u00e9 inspirante \u00e0 ne pas manquer pour progresser <strong><span style=\"color: #000080;\">ensemble<\/span><\/strong> sur la qualit\u00e9 de vie au travail et la pr\u00e9vention des risques professionnels, \u00e0 travers :<\/p><ul><li style=\"list-style-type: none;\"><ul><li style=\"list-style-type: none;\"><ul style=\"list-style-type: square;\"><li style=\"text-align: justify;\" data-start=\"1226\" data-end=\"1318\"><span style=\"color: #000080;\"><strong data-start=\"1229\" data-end=\"1273\">T\u00e9moignages de 3 entreprises engag\u00e9es<\/strong><\/span> dans des d\u00e9marches concr\u00e8tes de pr\u00e9vention :<\/li><\/ul><\/li><\/ul><\/li><\/ul><ul style=\"text-align: justify;\"><li style=\"list-style-type: none;\"><ul><li style=\"list-style-type: none;\"><ul><li style=\"list-style-type: none;\"><ul><li style=\"list-style-type: none;\"><ul style=\"list-style-type: circle;\" data-start=\"1319\" data-end=\"1446\"><li class=\"\" data-start=\"1319\" data-end=\"1376\"><p class=\"\" data-start=\"1321\" data-end=\"1376\"><span style=\"color: #bd9726;\"><strong data-start=\"1321\" data-end=\"1339\">Sylvie BARTHEL<\/strong><\/span> \u2013 <a href=\"https:\/\/www.facebook.com\/people\/BOURGOGNE-SERVICES-A-LA-PERSONNE\/100064376846345\/\" target=\"_blank\" rel=\"noopener\">Bourgogne Services \u00e0 la Personne<\/a> (et Pr\u00e9sidente de l&rsquo;<a href=\"https:\/\/www.mt71.fr\/v2\/\" target=\"_blank\" rel=\"noopener\">Association MT71<\/a>)<\/p><\/li><li class=\"\" data-start=\"1377\" data-end=\"1412\"><p class=\"\" data-start=\"1379\" data-end=\"1412\"><span style=\"color: #bd9726;\"><strong data-start=\"1379\" data-end=\"1398\">Pascal PAUCHARD<\/strong><\/span> \u2013 <a href=\"https:\/\/www.framatome.com\/fr\/\" target=\"_blank\" rel=\"noopener\">Framatome<\/a><\/p><\/li><li class=\"\" data-start=\"1413\" data-end=\"1446\"><p class=\"\" data-start=\"1415\" data-end=\"1446\"><span style=\"color: #bd9726;\"><strong data-start=\"1415\" data-end=\"1436\">Franck LAFONTAINE<\/strong><\/span> \u2013 <a href=\"https:\/\/wasoria.fr\/\" target=\"_blank\" rel=\"noopener\">Wasoria<\/a><\/p><\/li><\/ul><\/li><\/ul><\/li><\/ul><\/li><\/ul><\/li><\/ul><ul><li style=\"list-style-type: none;\"><ul><li style=\"list-style-type: none;\"><ul style=\"list-style-type: square;\"><li style=\"text-align: justify;\" data-start=\"1448\" data-end=\"1629\"><strong><span style=\"color: #000080;\">\u00c9clairage sur les <\/span><span style=\"color: #000080;\">enjeux<\/span><\/strong>,<span style=\"color: #000080;\"><strong> outils <\/strong><\/span>et<span style=\"color: #000080;\"><strong> aides disponibles<\/strong><\/span> pour accompagner vos actions de pr\u00e9vention par <span style=\"color: #bd9726;\"><strong data-start=\"1451\" data-end=\"1474\">Jean-Louis GROSMANN<\/strong><\/span>, expert <a href=\"https:\/\/www.carsat-bfc.fr\/\" target=\"_blank\" rel=\"noopener\">Carsat Bourgogne-Franche-Comt\u00e9<\/a><\/li><li style=\"text-align: justify;\" data-start=\"1631\" data-end=\"1751\"><strong><span style=\"color: #000080;\">Temps d\u2019\u00e9changes interactif<\/span> <\/strong>pour partager vos pratiques, poser vos questions et enrichir vos projets internes.<\/li><li style=\"text-align: justify;\" data-start=\"1753\" data-end=\"1944\"><span style=\"color: #000080;\"><strong>\u00c9clairage artistique original<\/strong> <\/span>avec <span style=\"color: #bd9726;\"><strong data-start=\"1816\" data-end=\"1834\">\u00c9lise GIRARDOT<\/strong><\/span>, commissaire de l\u2019exposition <a href=\"https:\/\/www.larcscenenationale.fr\/manuten-ions-2\" target=\"_blank\" rel=\"noopener\"><em data-start=\"1864\" data-end=\"1881\">Manuten\u222bions .2<\/em><\/a> visible \u00e0 L\u2019arc, sc\u00e8ne nationale du Creusot, jusqu\u2019au 15 juin<\/li><\/ul><\/li><\/ul><\/li><\/ul>\t\t\t\t\t\t\t\t<\/div>\n\t\t\t\t<\/div>\n\t\t\t\t<div class=\"elementor-element elementor-element-de41054 elementor-widget elementor-widget-spacer\" data-id=\"de41054\" data-element_type=\"widget\" data-e-type=\"widget\" data-widget_type=\"spacer.default\">\n\t\t\t\t<div class=\"elementor-widget-container\">\n\t\t\t\t\t\t\t<div class=\"elementor-spacer\">\n\t\t\t<div class=\"elementor-spacer-inner\"><\/div>\n\t\t<\/div>\n\t\t\t\t\t\t<\/div>\n\t\t\t\t<\/div>\n\t\t\t\t<div class=\"elementor-element elementor-element-0ea2c13 elementor-widget-divider--view-line elementor-widget elementor-widget-divider\" data-id=\"0ea2c13\" data-element_type=\"widget\" data-e-type=\"widget\" data-widget_type=\"divider.default\">\n\t\t\t\t<div class=\"elementor-widget-container\">\n\t\t\t\t\t\t\t<div class=\"elementor-divider\">\n\t\t\t<span class=\"elementor-divider-separator\">\n\t\t\t\t\t\t<\/span>\n\t\t<\/div>\n\t\t\t\t\t\t<\/div>\n\t\t\t\t<\/div>\n\t\t\t\t\t<\/div>\n\t\t\t\t<\/div>\n\t\t<div class=\"elementor-element elementor-element-7bcb106 e-flex e-con-boxed e-con e-parent\" data-id=\"7bcb106\" data-element_type=\"container\" data-e-type=\"container\">\n\t\t\t\t\t<div class=\"e-con-inner\">\n\t\t\t\t<div class=\"elementor-element elementor-element-32fa573 elementor-widget elementor-widget-spacer\" data-id=\"32fa573\" data-element_type=\"widget\" data-e-type=\"widget\" data-widget_type=\"spacer.default\">\n\t\t\t\t<div class=\"elementor-widget-container\">\n\t\t\t\t\t\t\t<div class=\"elementor-spacer\">\n\t\t\t<div class=\"elementor-spacer-inner\"><\/div>\n\t\t<\/div>\n\t\t\t\t\t\t<\/div>\n\t\t\t\t<\/div>\n\t\t\t\t<div class=\"elementor-element elementor-element-e8a5c3a elementor-widget elementor-widget-heading\" data-id=\"e8a5c3a\" data-element_type=\"widget\" data-e-type=\"widget\" data-widget_type=\"heading.default\">\n\t\t\t\t<div class=\"elementor-widget-container\">\n\t\t\t\t\t<h2 class=\"elementor-heading-title elementor-size-default\">Comment participer ?<\/h2>\t\t\t\t<\/div>\n\t\t\t\t<\/div>\n\t\t\t\t<div class=\"elementor-element elementor-element-5546007 elementor-widget elementor-widget-spacer\" data-id=\"5546007\" data-element_type=\"widget\" data-e-type=\"widget\" data-widget_type=\"spacer.default\">\n\t\t\t\t<div class=\"elementor-widget-container\">\n\t\t\t\t\t\t\t<div class=\"elementor-spacer\">\n\t\t\t<div class=\"elementor-spacer-inner\"><\/div>\n\t\t<\/div>\n\t\t\t\t\t\t<\/div>\n\t\t\t\t<\/div>\n\t\t\t\t<div class=\"elementor-element elementor-element-4782894 elementor-widget elementor-widget-text-editor\" data-id=\"4782894\" data-element_type=\"widget\" data-e-type=\"widget\" data-widget_type=\"text-editor.default\">\n\t\t\t\t<div class=\"elementor-widget-container\">\n\t\t\t\t\t\t\t\t\t<p class=\"\" style=\"text-align: justify;\" data-start=\"577\" data-end=\"797\">Cette matinale aura lieu le <span style=\"color: #000080;\"><strong>Jeudi 5 juin 2025<\/strong><\/span>, de <strong><span style=\"color: #000080;\">09h00 <\/span><\/strong>\u00e0<strong><span style=\"color: #000080;\"> 12h30<\/span><\/strong> dans les locaux d&rsquo;Univers Co situ\u00e9s au <strong><span style=\"color: #000080;\">23 rue de la Verrerie<\/span><\/strong>, <span style=\"color: #000080;\"><strong>71200 Le Creusot<\/strong><\/span>. <\/p><p class=\"\" style=\"text-align: justify;\" data-start=\"577\" data-end=\"797\">La participation est gratuite, sur inscription (lien ci-dessous).<\/p>\t\t\t\t\t\t\t\t<\/div>\n\t\t\t\t<\/div>\n\t\t\t\t<div class=\"elementor-element elementor-element-2ab7f31 elementor-widget elementor-widget-spacer\" data-id=\"2ab7f31\" data-element_type=\"widget\" data-e-type=\"widget\" data-widget_type=\"spacer.default\">\n\t\t\t\t<div class=\"elementor-widget-container\">\n\t\t\t\t\t\t\t<div class=\"elementor-spacer\">\n\t\t\t<div class=\"elementor-spacer-inner\"><\/div>\n\t\t<\/div>\n\t\t\t\t\t\t<\/div>\n\t\t\t\t<\/div>\n\t\t\t\t<div class=\"elementor-element elementor-element-c034a54 elementor-align-justify elementor-widget elementor-widget-button\" data-id=\"c034a54\" data-element_type=\"widget\" data-e-type=\"widget\" data-widget_type=\"button.default\">\n\t\t\t\t<div class=\"elementor-widget-container\">\n\t\t\t\t\t\t\t\t\t<div class=\"elementor-button-wrapper\">\n\t\t\t\t\t<a class=\"elementor-button elementor-button-link elementor-size-sm\" href=\"https:\/\/desk.community\/events\/iGDv3zAdTqwSnFbY7QOA\" target=\"_blank\">\n\t\t\t\t\t\t<span class=\"elementor-button-content-wrapper\">\n\t\t\t\t\t\t\t\t\t<span class=\"elementor-button-text\">Inscription gratuite<\/span>\n\t\t\t\t\t<\/span>\n\t\t\t\t\t<\/a>\n\t\t\t\t<\/div>\n\t\t\t\t\t\t\t\t<\/div>\n\t\t\t\t<\/div>\n\t\t\t\t<div class=\"elementor-element elementor-element-082e31e elementor-widget elementor-widget-spacer\" data-id=\"082e31e\" data-element_type=\"widget\" data-e-type=\"widget\" data-widget_type=\"spacer.default\">\n\t\t\t\t<div class=\"elementor-widget-container\">\n\t\t\t\t\t\t\t<div class=\"elementor-spacer\">\n\t\t\t<div class=\"elementor-spacer-inner\"><\/div>\n\t\t<\/div>\n\t\t\t\t\t\t<\/div>\n\t\t\t\t<\/div>\n\t\t\t\t<div class=\"elementor-element elementor-element-a5a0ac7 elementor-widget-divider--view-line elementor-widget elementor-widget-divider\" data-id=\"a5a0ac7\" data-element_type=\"widget\" data-e-type=\"widget\" data-widget_type=\"divider.default\">\n\t\t\t\t<div class=\"elementor-widget-container\">\n\t\t\t\t\t\t\t<div class=\"elementor-divider\">\n\t\t\t<span class=\"elementor-divider-separator\">\n\t\t\t\t\t\t<\/span>\n\t\t<\/div>\n\t\t\t\t\t\t<\/div>\n\t\t\t\t<\/div>\n\t\t\t\t<div class=\"elementor-element elementor-element-df9f227 elementor-widget elementor-widget-text-editor\" data-id=\"df9f227\" data-element_type=\"widget\" data-e-type=\"widget\" data-widget_type=\"text-editor.default\">\n\t\t\t\t<div class=\"elementor-widget-container\">\n\t\t\t\t\t\t\t\t\t<p style=\"text-align: center;\">Ensemble, pour la Pr\u00e9vention et la Sant\u00e9 au Travail<\/p>\t\t\t\t\t\t\t\t<\/div>\n\t\t\t\t<\/div>\n\t\t\t\t\t<\/div>\n\t\t\t\t<\/div>\n\t\t\t\t<\/div>\n\t\t","protected":false},"excerpt":{"rendered":"<p>Qui est concern\u00e9 par cette matinale ? Quels que soient les secteurs d\u2019activit\u00e9 (services \u00e0 la personne, industrie, start-up technologiques,\u2026), les transformations du travail invitent \u00e0 repenser nos pratiques de pr\u00e9vention et d\u2019am\u00e9lioration des conditions de travail. C&rsquo;est pourquoi, Univers Co organise une matin\u00e9e d\u00e9di\u00e9e \u00e0 la pr\u00e9vention des manutentions \u00e0 destination des chefs d&rsquo;entreprise,&hellip;<\/p>\n","protected":false},"author":11,"featured_media":48005,"comment_status":"closed","ping_status":"open","sticky":false,"template":"","format":"standard","meta":{"jetpack_post_was_ever_published":false,"footnotes":""},"categories":[176],"tags":[],"class_list":["post-48004","post","type-post","status-publish","format-standard","has-post-thumbnail","hentry","category-prevention"],"yoast_head":"<!-- This site is optimized with the Yoast SEO plugin v27.5 - https:\/\/yoast.com\/product\/yoast-seo-wordpress\/ -->\n<title>Matinale &quot;Pr\u00e9vention des manutentions&quot; : le 5 Juin 2025 - MT71 - Pr\u00e9vention &amp; Sant\u00e9 au Travail<\/title>\n<meta name=\"robots\" content=\"index, follow, max-snippet:-1, max-image-preview:large, max-video-preview:-1\" \/>\n<link rel=\"canonical\" href=\"https:\/\/www.mt71.fr\/v2\/matinale-prevention-des-manutentions-le-5-juin-2025\/\" \/>\n<meta property=\"og:locale\" content=\"fr_FR\" \/>\n<meta property=\"og:type\" content=\"article\" \/>\n<meta property=\"og:title\" content=\"Matinale &quot;Pr\u00e9vention des manutentions&quot; : le 5 Juin 2025 - MT71 - Pr\u00e9vention &amp; Sant\u00e9 au Travail\" \/>\n<meta property=\"og:description\" content=\"Qui est concern\u00e9 par cette matinale ? Quels que soient les secteurs d\u2019activit\u00e9 (services \u00e0 la personne, industrie, start-up technologiques,\u2026), les transformations du travail invitent \u00e0 repenser nos pratiques de pr\u00e9vention et d\u2019am\u00e9lioration des conditions de travail. C&rsquo;est pourquoi, Univers Co organise une matin\u00e9e d\u00e9di\u00e9e \u00e0 la pr\u00e9vention des manutentions \u00e0 destination des chefs d&rsquo;entreprise,&hellip;\" \/>\n<meta property=\"og:url\" content=\"https:\/\/www.mt71.fr\/v2\/matinale-prevention-des-manutentions-le-5-juin-2025\/\" \/>\n<meta property=\"og:site_name\" content=\"MT71 - Pr\u00e9vention &amp; Sant\u00e9 au Travail\" \/>\n<meta property=\"article:published_time\" content=\"2025-05-13T12:19:15+00:00\" \/>\n<meta property=\"article:modified_time\" content=\"2025-05-13T12:29:11+00:00\" \/>\n<meta property=\"og:image\" content=\"https:\/\/www.mt71.fr\/v2\/wp-content\/uploads\/2025\/05\/Matinale-Prevention-des-manutentions.png\" \/>\n\t<meta property=\"og:image:width\" content=\"1920\" \/>\n\t<meta property=\"og:image:height\" content=\"1080\" \/>\n\t<meta property=\"og:image:type\" content=\"image\/png\" \/>\n<meta name=\"author\" content=\"Fabrice LOGEROT\" \/>\n<meta name=\"twitter:card\" content=\"summary_large_image\" \/>\n<meta name=\"twitter:label1\" content=\"\u00c9crit par\" \/>\n\t<meta name=\"twitter:data1\" content=\"Fabrice LOGEROT\" \/>\n\t<meta name=\"twitter:label2\" content=\"Dur\u00e9e de lecture estim\u00e9e\" \/>\n\t<meta name=\"twitter:data2\" content=\"2 minutes\" \/>\n<script type=\"application\/ld+json\" class=\"yoast-schema-graph\">{\"@context\":\"https:\\\/\\\/schema.org\",\"@graph\":[{\"@type\":\"Article\",\"@id\":\"https:\\\/\\\/www.mt71.fr\\\/v2\\\/matinale-prevention-des-manutentions-le-5-juin-2025\\\/#article\",\"isPartOf\":{\"@id\":\"https:\\\/\\\/www.mt71.fr\\\/v2\\\/matinale-prevention-des-manutentions-le-5-juin-2025\\\/\"},\"author\":{\"name\":\"Fabrice LOGEROT\",\"@id\":\"https:\\\/\\\/www.mt71.fr\\\/v2\\\/#\\\/schema\\\/person\\\/78bfc311273b357d0486fb2b4ab37ae9\"},\"headline\":\"Matinale \u00ab\u00a0Pr\u00e9vention des manutentions\u00a0\u00bb : le 5 Juin 2025\",\"datePublished\":\"2025-05-13T12:19:15+00:00\",\"dateModified\":\"2025-05-13T12:29:11+00:00\",\"mainEntityOfPage\":{\"@id\":\"https:\\\/\\\/www.mt71.fr\\\/v2\\\/matinale-prevention-des-manutentions-le-5-juin-2025\\\/\"},\"wordCount\":265,\"publisher\":{\"@id\":\"https:\\\/\\\/www.mt71.fr\\\/v2\\\/#organization\"},\"image\":{\"@id\":\"https:\\\/\\\/www.mt71.fr\\\/v2\\\/matinale-prevention-des-manutentions-le-5-juin-2025\\\/#primaryimage\"},\"thumbnailUrl\":\"https:\\\/\\\/www.mt71.fr\\\/v2\\\/wp-content\\\/uploads\\\/2025\\\/05\\\/Matinale-Prevention-des-manutentions.png\",\"articleSection\":[\"Pr\u00e9vention\"],\"inLanguage\":\"fr-FR\"},{\"@type\":\"WebPage\",\"@id\":\"https:\\\/\\\/www.mt71.fr\\\/v2\\\/matinale-prevention-des-manutentions-le-5-juin-2025\\\/\",\"url\":\"https:\\\/\\\/www.mt71.fr\\\/v2\\\/matinale-prevention-des-manutentions-le-5-juin-2025\\\/\",\"name\":\"Matinale \\\"Pr\u00e9vention des manutentions\\\" : le 5 Juin 2025 - MT71 - Pr\u00e9vention &amp; Sant\u00e9 au Travail\",\"isPartOf\":{\"@id\":\"https:\\\/\\\/www.mt71.fr\\\/v2\\\/#website\"},\"primaryImageOfPage\":{\"@id\":\"https:\\\/\\\/www.mt71.fr\\\/v2\\\/matinale-prevention-des-manutentions-le-5-juin-2025\\\/#primaryimage\"},\"image\":{\"@id\":\"https:\\\/\\\/www.mt71.fr\\\/v2\\\/matinale-prevention-des-manutentions-le-5-juin-2025\\\/#primaryimage\"},\"thumbnailUrl\":\"https:\\\/\\\/www.mt71.fr\\\/v2\\\/wp-content\\\/uploads\\\/2025\\\/05\\\/Matinale-Prevention-des-manutentions.png\",\"datePublished\":\"2025-05-13T12:19:15+00:00\",\"dateModified\":\"2025-05-13T12:29:11+00:00\",\"breadcrumb\":{\"@id\":\"https:\\\/\\\/www.mt71.fr\\\/v2\\\/matinale-prevention-des-manutentions-le-5-juin-2025\\\/#breadcrumb\"},\"inLanguage\":\"fr-FR\",\"potentialAction\":[{\"@type\":\"ReadAction\",\"target\":[\"https:\\\/\\\/www.mt71.fr\\\/v2\\\/matinale-prevention-des-manutentions-le-5-juin-2025\\\/\"]}]},{\"@type\":\"ImageObject\",\"inLanguage\":\"fr-FR\",\"@id\":\"https:\\\/\\\/www.mt71.fr\\\/v2\\\/matinale-prevention-des-manutentions-le-5-juin-2025\\\/#primaryimage\",\"url\":\"https:\\\/\\\/www.mt71.fr\\\/v2\\\/wp-content\\\/uploads\\\/2025\\\/05\\\/Matinale-Prevention-des-manutentions.png\",\"contentUrl\":\"https:\\\/\\\/www.mt71.fr\\\/v2\\\/wp-content\\\/uploads\\\/2025\\\/05\\\/Matinale-Prevention-des-manutentions.png\",\"width\":1920,\"height\":1080},{\"@type\":\"BreadcrumbList\",\"@id\":\"https:\\\/\\\/www.mt71.fr\\\/v2\\\/matinale-prevention-des-manutentions-le-5-juin-2025\\\/#breadcrumb\",\"itemListElement\":[{\"@type\":\"ListItem\",\"position\":1,\"name\":\"Accueil\",\"item\":\"https:\\\/\\\/www.mt71.fr\\\/v2\\\/\"},{\"@type\":\"ListItem\",\"position\":2,\"name\":\"Matinale \u00ab\u00a0Pr\u00e9vention des manutentions\u00a0\u00bb : le 5 Juin 2025\"}]},{\"@type\":\"WebSite\",\"@id\":\"https:\\\/\\\/www.mt71.fr\\\/v2\\\/#website\",\"url\":\"https:\\\/\\\/www.mt71.fr\\\/v2\\\/\",\"name\":\"MT71 Service de Pr\u00e9vention et de Sant\u00e9 au Travail Interentreprises\",\"description\":\"Service de Pr\u00e9vention et de Sant\u00e9 au Travail Interentreprises en Sa\u00f4ne-et-Loire\",\"publisher\":{\"@id\":\"https:\\\/\\\/www.mt71.fr\\\/v2\\\/#organization\"},\"alternateName\":\"MT71\",\"potentialAction\":[{\"@type\":\"SearchAction\",\"target\":{\"@type\":\"EntryPoint\",\"urlTemplate\":\"https:\\\/\\\/www.mt71.fr\\\/v2\\\/?s={search_term_string}\"},\"query-input\":{\"@type\":\"PropertyValueSpecification\",\"valueRequired\":true,\"valueName\":\"search_term_string\"}}],\"inLanguage\":\"fr-FR\"},{\"@type\":\"Organization\",\"@id\":\"https:\\\/\\\/www.mt71.fr\\\/v2\\\/#organization\",\"name\":\"MT71\",\"url\":\"https:\\\/\\\/www.mt71.fr\\\/v2\\\/\",\"logo\":{\"@type\":\"ImageObject\",\"inLanguage\":\"fr-FR\",\"@id\":\"https:\\\/\\\/www.mt71.fr\\\/v2\\\/#\\\/schema\\\/logo\\\/image\\\/\",\"url\":\"https:\\\/\\\/www.mt71.fr\\\/v2\\\/wp-content\\\/uploads\\\/2024\\\/11\\\/Logo-MT71-site-internet.png\",\"contentUrl\":\"https:\\\/\\\/www.mt71.fr\\\/v2\\\/wp-content\\\/uploads\\\/2024\\\/11\\\/Logo-MT71-site-internet.png\",\"width\":200,\"height\":150,\"caption\":\"MT71\"},\"image\":{\"@id\":\"https:\\\/\\\/www.mt71.fr\\\/v2\\\/#\\\/schema\\\/logo\\\/image\\\/\"},\"sameAs\":[\"https:\\\/\\\/fr.linkedin.com\\\/company\\\/mt71\",\"https:\\\/\\\/www.youtube.com\\\/channel\\\/UCuqkcoz1dgttolhwMEnC6tg\"]},{\"@type\":\"Person\",\"@id\":\"https:\\\/\\\/www.mt71.fr\\\/v2\\\/#\\\/schema\\\/person\\\/78bfc311273b357d0486fb2b4ab37ae9\",\"name\":\"Fabrice LOGEROT\",\"image\":{\"@type\":\"ImageObject\",\"inLanguage\":\"fr-FR\",\"@id\":\"https:\\\/\\\/secure.gravatar.com\\\/avatar\\\/8fb4e5864347a408d69f0f743186329fe3b9f9cd64b42c32fd98d0632c4efc69?s=96&d=mm&r=g\",\"url\":\"https:\\\/\\\/secure.gravatar.com\\\/avatar\\\/8fb4e5864347a408d69f0f743186329fe3b9f9cd64b42c32fd98d0632c4efc69?s=96&d=mm&r=g\",\"contentUrl\":\"https:\\\/\\\/secure.gravatar.com\\\/avatar\\\/8fb4e5864347a408d69f0f743186329fe3b9f9cd64b42c32fd98d0632c4efc69?s=96&d=mm&r=g\",\"caption\":\"Fabrice LOGEROT\"}}]}<\/script>\n<!-- \/ Yoast SEO plugin. -->","yoast_head_json":{"title":"Matinale \"Pr\u00e9vention des manutentions\" : le 5 Juin 2025 - MT71 - Pr\u00e9vention &amp; Sant\u00e9 au Travail","robots":{"index":"index","follow":"follow","max-snippet":"max-snippet:-1","max-image-preview":"max-image-preview:large","max-video-preview":"max-video-preview:-1"},"canonical":"https:\/\/www.mt71.fr\/v2\/matinale-prevention-des-manutentions-le-5-juin-2025\/","og_locale":"fr_FR","og_type":"article","og_title":"Matinale \"Pr\u00e9vention des manutentions\" : le 5 Juin 2025 - MT71 - Pr\u00e9vention &amp; Sant\u00e9 au Travail","og_description":"Qui est concern\u00e9 par cette matinale ? Quels que soient les secteurs d\u2019activit\u00e9 (services \u00e0 la personne, industrie, start-up technologiques,\u2026), les transformations du travail invitent \u00e0 repenser nos pratiques de pr\u00e9vention et d\u2019am\u00e9lioration des conditions de travail. C&rsquo;est pourquoi, Univers Co organise une matin\u00e9e d\u00e9di\u00e9e \u00e0 la pr\u00e9vention des manutentions \u00e0 destination des chefs d&rsquo;entreprise,&hellip;","og_url":"https:\/\/www.mt71.fr\/v2\/matinale-prevention-des-manutentions-le-5-juin-2025\/","og_site_name":"MT71 - Pr\u00e9vention &amp; Sant\u00e9 au Travail","article_published_time":"2025-05-13T12:19:15+00:00","article_modified_time":"2025-05-13T12:29:11+00:00","og_image":[{"width":1920,"height":1080,"url":"https:\/\/www.mt71.fr\/v2\/wp-content\/uploads\/2025\/05\/Matinale-Prevention-des-manutentions.png","type":"image\/png"}],"author":"Fabrice LOGEROT","twitter_card":"summary_large_image","twitter_misc":{"\u00c9crit par":"Fabrice LOGEROT","Dur\u00e9e de lecture estim\u00e9e":"2 minutes"},"schema":{"@context":"https:\/\/schema.org","@graph":[{"@type":"Article","@id":"https:\/\/www.mt71.fr\/v2\/matinale-prevention-des-manutentions-le-5-juin-2025\/#article","isPartOf":{"@id":"https:\/\/www.mt71.fr\/v2\/matinale-prevention-des-manutentions-le-5-juin-2025\/"},"author":{"name":"Fabrice LOGEROT","@id":"https:\/\/www.mt71.fr\/v2\/#\/schema\/person\/78bfc311273b357d0486fb2b4ab37ae9"},"headline":"Matinale \u00ab\u00a0Pr\u00e9vention des manutentions\u00a0\u00bb : le 5 Juin 2025","datePublished":"2025-05-13T12:19:15+00:00","dateModified":"2025-05-13T12:29:11+00:00","mainEntityOfPage":{"@id":"https:\/\/www.mt71.fr\/v2\/matinale-prevention-des-manutentions-le-5-juin-2025\/"},"wordCount":265,"publisher":{"@id":"https:\/\/www.mt71.fr\/v2\/#organization"},"image":{"@id":"https:\/\/www.mt71.fr\/v2\/matinale-prevention-des-manutentions-le-5-juin-2025\/#primaryimage"},"thumbnailUrl":"https:\/\/www.mt71.fr\/v2\/wp-content\/uploads\/2025\/05\/Matinale-Prevention-des-manutentions.png","articleSection":["Pr\u00e9vention"],"inLanguage":"fr-FR"},{"@type":"WebPage","@id":"https:\/\/www.mt71.fr\/v2\/matinale-prevention-des-manutentions-le-5-juin-2025\/","url":"https:\/\/www.mt71.fr\/v2\/matinale-prevention-des-manutentions-le-5-juin-2025\/","name":"Matinale \"Pr\u00e9vention des manutentions\" : le 5 Juin 2025 - MT71 - Pr\u00e9vention &amp; Sant\u00e9 au Travail","isPartOf":{"@id":"https:\/\/www.mt71.fr\/v2\/#website"},"primaryImageOfPage":{"@id":"https:\/\/www.mt71.fr\/v2\/matinale-prevention-des-manutentions-le-5-juin-2025\/#primaryimage"},"image":{"@id":"https:\/\/www.mt71.fr\/v2\/matinale-prevention-des-manutentions-le-5-juin-2025\/#primaryimage"},"thumbnailUrl":"https:\/\/www.mt71.fr\/v2\/wp-content\/uploads\/2025\/05\/Matinale-Prevention-des-manutentions.png","datePublished":"2025-05-13T12:19:15+00:00","dateModified":"2025-05-13T12:29:11+00:00","breadcrumb":{"@id":"https:\/\/www.mt71.fr\/v2\/matinale-prevention-des-manutentions-le-5-juin-2025\/#breadcrumb"},"inLanguage":"fr-FR","potentialAction":[{"@type":"ReadAction","target":["https:\/\/www.mt71.fr\/v2\/matinale-prevention-des-manutentions-le-5-juin-2025\/"]}]},{"@type":"ImageObject","inLanguage":"fr-FR","@id":"https:\/\/www.mt71.fr\/v2\/matinale-prevention-des-manutentions-le-5-juin-2025\/#primaryimage","url":"https:\/\/www.mt71.fr\/v2\/wp-content\/uploads\/2025\/05\/Matinale-Prevention-des-manutentions.png","contentUrl":"https:\/\/www.mt71.fr\/v2\/wp-content\/uploads\/2025\/05\/Matinale-Prevention-des-manutentions.png","width":1920,"height":1080},{"@type":"BreadcrumbList","@id":"https:\/\/www.mt71.fr\/v2\/matinale-prevention-des-manutentions-le-5-juin-2025\/#breadcrumb","itemListElement":[{"@type":"ListItem","position":1,"name":"Accueil","item":"https:\/\/www.mt71.fr\/v2\/"},{"@type":"ListItem","position":2,"name":"Matinale \u00ab\u00a0Pr\u00e9vention des manutentions\u00a0\u00bb : le 5 Juin 2025"}]},{"@type":"WebSite","@id":"https:\/\/www.mt71.fr\/v2\/#website","url":"https:\/\/www.mt71.fr\/v2\/","name":"MT71 Service de Pr\u00e9vention et de Sant\u00e9 au Travail Interentreprises","description":"Service de Pr\u00e9vention et de Sant\u00e9 au Travail Interentreprises en Sa\u00f4ne-et-Loire","publisher":{"@id":"https:\/\/www.mt71.fr\/v2\/#organization"},"alternateName":"MT71","potentialAction":[{"@type":"SearchAction","target":{"@type":"EntryPoint","urlTemplate":"https:\/\/www.mt71.fr\/v2\/?s={search_term_string}"},"query-input":{"@type":"PropertyValueSpecification","valueRequired":true,"valueName":"search_term_string"}}],"inLanguage":"fr-FR"},{"@type":"Organization","@id":"https:\/\/www.mt71.fr\/v2\/#organization","name":"MT71","url":"https:\/\/www.mt71.fr\/v2\/","logo":{"@type":"ImageObject","inLanguage":"fr-FR","@id":"https:\/\/www.mt71.fr\/v2\/#\/schema\/logo\/image\/","url":"https:\/\/www.mt71.fr\/v2\/wp-content\/uploads\/2024\/11\/Logo-MT71-site-internet.png","contentUrl":"https:\/\/www.mt71.fr\/v2\/wp-content\/uploads\/2024\/11\/Logo-MT71-site-internet.png","width":200,"height":150,"caption":"MT71"},"image":{"@id":"https:\/\/www.mt71.fr\/v2\/#\/schema\/logo\/image\/"},"sameAs":["https:\/\/fr.linkedin.com\/company\/mt71","https:\/\/www.youtube.com\/channel\/UCuqkcoz1dgttolhwMEnC6tg"]},{"@type":"Person","@id":"https:\/\/www.mt71.fr\/v2\/#\/schema\/person\/78bfc311273b357d0486fb2b4ab37ae9","name":"Fabrice LOGEROT","image":{"@type":"ImageObject","inLanguage":"fr-FR","@id":"https:\/\/secure.gravatar.com\/avatar\/8fb4e5864347a408d69f0f743186329fe3b9f9cd64b42c32fd98d0632c4efc69?s=96&d=mm&r=g","url":"https:\/\/secure.gravatar.com\/avatar\/8fb4e5864347a408d69f0f743186329fe3b9f9cd64b42c32fd98d0632c4efc69?s=96&d=mm&r=g","contentUrl":"https:\/\/secure.gravatar.com\/avatar\/8fb4e5864347a408d69f0f743186329fe3b9f9cd64b42c32fd98d0632c4efc69?s=96&d=mm&r=g","caption":"Fabrice LOGEROT"}}]}},"jetpack_featured_media_url":"https:\/\/www.mt71.fr\/v2\/wp-content\/uploads\/2025\/05\/Matinale-Prevention-des-manutentions.png","jetpack_sharing_enabled":true,"_links":{"self":[{"href":"https:\/\/www.mt71.fr\/v2\/wp-json\/wp\/v2\/posts\/48004","targetHints":{"allow":["GET"]}}],"collection":[{"href":"https:\/\/www.mt71.fr\/v2\/wp-json\/wp\/v2\/posts"}],"about":[{"href":"https:\/\/www.mt71.fr\/v2\/wp-json\/wp\/v2\/types\/post"}],"author":[{"embeddable":true,"href":"https:\/\/www.mt71.fr\/v2\/wp-json\/wp\/v2\/users\/11"}],"replies":[{"embeddable":true,"href":"https:\/\/www.mt71.fr\/v2\/wp-json\/wp\/v2\/comments?post=48004"}],"version-history":[{"count":4,"href":"https:\/\/www.mt71.fr\/v2\/wp-json\/wp\/v2\/posts\/48004\/revisions"}],"predecessor-version":[{"id":48010,"href":"https:\/\/www.mt71.fr\/v2\/wp-json\/wp\/v2\/posts\/48004\/revisions\/48010"}],"wp:featuredmedia":[{"embeddable":true,"href":"https:\/\/www.mt71.fr\/v2\/wp-json\/wp\/v2\/media\/48005"}],"wp:attachment":[{"href":"https:\/\/www.mt71.fr\/v2\/wp-json\/wp\/v2\/media?parent=48004"}],"wp:term":[{"taxonomy":"category","embeddable":true,"href":"https:\/\/www.mt71.fr\/v2\/wp-json\/wp\/v2\/categories?post=48004"},{"taxonomy":"post_tag","embeddable":true,"href":"https:\/\/www.mt71.fr\/v2\/wp-json\/wp\/v2\/tags?post=48004"}],"curies":[{"name":"wp","href":"https:\/\/api.w.org\/{rel}","templated":true}]}}